{"id":8414,"date":"2026-03-07T15:30:26","date_gmt":"2026-03-07T15:30:26","guid":{"rendered":"https:\/\/visitrydal.com\/?p=8414"},"modified":"2026-04-29T19:48:52","modified_gmt":"2026-04-29T19:48:52","slug":"forsaljning-stick-och-spinnfest-2026","status":"publish","type":"post","link":"https:\/\/visitrydal.com\/en\/forsaljning-stick-och-spinnfest-2026\/","title":{"rendered":"F\u00f6rs\u00e4ljning &#8211; Stick och spinnfest 2026"},"content":{"rendered":"<div data-elementor-type=\"wp-post\" data-elementor-id=\"8414\" class=\"elementor elementor-8414\">\n\t\t\t\t\t\t<section class=\"elementor-section elementor-top-section elementor-element elementor-element-dd6aacf elementor-section-boxed elementor-section-height-default elementor-section-height-default\" data-id=\"dd6aacf\" data-element_type=\"section\">\n\t\t\t\t\t\t<div class=\"elementor-container elementor-column-gap-default\">\n\t\t\t\t\t<div class=\"elementor-column elementor-col-100 elementor-top-column elementor-element elementor-element-330e65c\" data-id=\"330e65c\" data-element_type=\"column\">\n\t\t\t<div class=\"elementor-widget-wrap elementor-element-populated\">\n\t\t\t\t\t\t<div class=\"elementor-element elementor-element-487c0fb0 elementor-widget elementor-widget-heading\" data-id=\"487c0fb0\" data-element_type=\"widget\" data-widget_type=\"heading.default\">\n\t\t\t\t<div class=\"elementor-widget-container\">\n\t\t\t\t\t<h2 class=\"elementor-heading-title elementor-size-default\">Vendors selling yarn, books and other things<\/h2>\t\t\t\t<\/div>\n\t\t\t\t<\/div>\n\t\t\t\t\t<\/div>\n\t\t<\/div>\n\t\t\t\t\t<\/div>\n\t\t<\/section>\n\t\t\t\t<section class=\"elementor-section elementor-top-section elementor-element elementor-element-414b6ff5 elementor-section-full_width elementor-section-height-default elementor-section-height-default\" data-id=\"414b6ff5\" data-element_type=\"section\">\n\t\t\t\t\t\t<div class=\"elementor-container elementor-column-gap-default\">\n\t\t\t\t\t<div class=\"elementor-column elementor-col-50 elementor-top-column elementor-element elementor-element-36d7ac65\" data-id=\"36d7ac65\" data-element_type=\"column\">\n\t\t\t<div class=\"elementor-widget-wrap elementor-element-populated\">\n\t\t\t\t\t\t<div class=\"elementor-element elementor-element-1d5d8ec1 elementor-widget elementor-widget-image\" data-id=\"1d5d8ec1\" data-element_type=\"widget\" data-widget_type=\"image.default\">\n\t\t\t\t<div class=\"elementor-widget-container\">\n\t\t\t\t\t\t\t\t\t\t\t\t\t\t\t<img fetchpriority=\"high\" decoding=\"async\" width=\"387\" height=\"581\" src=\"https:\/\/visitrydal.com\/wp-content\/uploads\/2024\/05\/forsaljare.jpg\" class=\"attachment-large size-large wp-image-5468\" alt=\"\" srcset=\"https:\/\/visitrydal.com\/wp-content\/uploads\/2024\/05\/forsaljare.jpg 387w, https:\/\/visitrydal.com\/wp-content\/uploads\/2024\/05\/forsaljare-200x300.jpg 200w, https:\/\/visitrydal.com\/wp-content\/uploads\/2024\/05\/forsaljare-8x12.jpg 8w, https:\/\/visitrydal.com\/wp-content\/uploads\/2024\/05\/forsaljare-266x400.jpg 266w\" sizes=\"(max-width: 387px) 100vw, 387px\" \/>\t\t\t\t\t\t\t\t\t\t\t\t\t\t\t<\/div>\n\t\t\t\t<\/div>\n\t\t\t\t\t<\/div>\n\t\t<\/div>\n\t\t\t\t<div class=\"elementor-column elementor-col-50 elementor-top-column elementor-element elementor-element-1b1e40f1\" data-id=\"1b1e40f1\" data-element_type=\"column\">\n\t\t\t<div class=\"elementor-widget-wrap elementor-element-populated\">\n\t\t\t\t\t\t<div class=\"elementor-element elementor-element-2fc283ac elementor-widget elementor-widget-heading\" data-id=\"2fc283ac\" data-element_type=\"widget\" data-widget_type=\"heading.default\">\n\t\t\t\t<div class=\"elementor-widget-container\">\n\t\t\t\t\t<h4 class=\"elementor-heading-title elementor-size-default\">10-11 oktober<br><b><span style=\"font-size:14.0pt;,sans-serif\">Opening hours 10-17.00<\/span><\/b><\/h4>\t\t\t\t<\/div>\n\t\t\t\t<\/div>\n\t\t\t\t<div class=\"elementor-element elementor-element-7886299e elementor-widget elementor-widget-text-editor\" data-id=\"7886299e\" data-element_type=\"widget\" data-widget_type=\"text-editor.default\">\n\t\t\t\t<div class=\"elementor-widget-container\">\n\t\t\t\t\t\t\t\t\t<p>\u00a0Welcome to the marketplace, which is in the Abbot Hall on the second floor of the museum. It is filled with vendors offering everything from yarn and books to other products related to knitting, crochet and spinning. You will be able to buy: Yarn in all colours and qualities.<br \/>Books on knitting, spinning, crochet and textile crafts. Textile figures made of yarn. Knitted jewellery. Various accessories for both beginners and experienced craftsmen<br \/>We will present the vendors as the registrations come in - keep an eye out! Here you can see who has signed up so far.<\/p><p>F\u00f6r att komma in i Abbotsalen d\u00e4r marknaden \u00e4ger rum, beh\u00f6ver du k\u00f6pa en entr\u00e9biljett. Entr\u00e9: 100 kr per dag. I biljettpriset ing\u00e5r \u00e4ven: Prova p\u00e5, utst\u00e4llning och\u00a0 f\u00f6redrag. Boka din entr\u00e9biljett som du betalar p\u00e5 plats men reserverar h\u00e4r: <a style=\"background-color: #ffffff;\" href=\"https:\/\/sv.bmc.nu\/Modules\/Event\/Public\/Event.aspx?EventId=165&amp;EventGuid=5116fbe7-2230-4d6f-a032-2ecd00dec70d\" target=\"_blank\" rel=\"noopener\">notification entrance<\/a><\/p>\t\t\t\t\t\t\t\t<\/div>\n\t\t\t\t<\/div>\n\t\t\t\t\t<\/div>\n\t\t<\/div>\n\t\t\t\t\t<\/div>\n\t\t<\/section>\n\t\t\t\t<section class=\"elementor-section elementor-top-section elementor-element elementor-element-3d137b12 elementor-section-boxed elementor-section-height-default elementor-section-height-default\" data-id=\"3d137b12\" data-element_type=\"section\">\n\t\t\t\t\t\t<div class=\"elementor-container elementor-column-gap-default\">\n\t\t\t\t\t<div class=\"elementor-column elementor-col-100 elementor-top-column elementor-element elementor-element-45276e5c\" data-id=\"45276e5c\" data-element_type=\"column\">\n\t\t\t<div class=\"elementor-widget-wrap elementor-element-populated\">\n\t\t\t\t\t\t<div class=\"elementor-element elementor-element-1f55eb66 elementor-widget-divider--view-line elementor-widget elementor-widget-divider\" data-id=\"1f55eb66\" data-element_type=\"widget\" data-widget_type=\"divider.default\">\n\t\t\t\t<div class=\"elementor-widget-container\">\n\t\t\t\t\t\t\t<div class=\"elementor-divider\">\n\t\t\t<span class=\"elementor-divider-separator\">\n\t\t\t\t\t\t<\/span>\n\t\t<\/div>\n\t\t\t\t\t\t<\/div>\n\t\t\t\t<\/div>\n\t\t\t\t\t<\/div>\n\t\t<\/div>\n\t\t\t\t\t<\/div>\n\t\t<\/section>\n\t\t\t\t<section class=\"elementor-section elementor-top-section elementor-element elementor-element-042db83 elementor-section-full_width elementor-section-height-default elementor-section-height-default\" data-id=\"042db83\" data-element_type=\"section\">\n\t\t\t\t\t\t<div class=\"elementor-container elementor-column-gap-default\">\n\t\t\t\t\t<div class=\"elementor-column elementor-col-50 elementor-top-column elementor-element elementor-element-4cb90f5\" data-id=\"4cb90f5\" data-element_type=\"column\">\n\t\t\t<div class=\"elementor-widget-wrap elementor-element-populated\">\n\t\t\t\t\t\t<div class=\"elementor-element elementor-element-9c08aba elementor-widget elementor-widget-image\" data-id=\"9c08aba\" data-element_type=\"widget\" data-widget_type=\"image.default\">\n\t\t\t\t<div class=\"elementor-widget-container\">\n\t\t\t\t\t\t\t\t\t\t\t\t\t\t\t<img decoding=\"async\" width=\"788\" height=\"656\" src=\"https:\/\/visitrydal.com\/wp-content\/uploads\/2025\/03\/Ny-logga-Ulldille-sep-25.jpg\" class=\"attachment-large size-large wp-image-7975\" alt=\"\" srcset=\"https:\/\/visitrydal.com\/wp-content\/uploads\/2025\/03\/Ny-logga-Ulldille-sep-25.jpg 788w, https:\/\/visitrydal.com\/wp-content\/uploads\/2025\/03\/Ny-logga-Ulldille-sep-25-300x250.jpg 300w, https:\/\/visitrydal.com\/wp-content\/uploads\/2025\/03\/Ny-logga-Ulldille-sep-25-768x639.jpg 768w, https:\/\/visitrydal.com\/wp-content\/uploads\/2025\/03\/Ny-logga-Ulldille-sep-25-14x12.jpg 14w, https:\/\/visitrydal.com\/wp-content\/uploads\/2025\/03\/Ny-logga-Ulldille-sep-25-480x400.jpg 480w\" sizes=\"(max-width: 788px) 100vw, 788px\" \/>\t\t\t\t\t\t\t\t\t\t\t\t\t\t\t<\/div>\n\t\t\t\t<\/div>\n\t\t\t\t<div class=\"elementor-element elementor-element-8f7813e elementor-widget elementor-widget-image\" data-id=\"8f7813e\" data-element_type=\"widget\" data-widget_type=\"image.default\">\n\t\t\t\t<div class=\"elementor-widget-container\">\n\t\t\t\t\t\t\t\t\t\t\t\t\t\t\t<img decoding=\"async\" width=\"768\" height=\"1024\" src=\"https:\/\/visitrydal.com\/wp-content\/uploads\/2026\/03\/Uldille-2026-768x1024.jpg\" class=\"attachment-large size-large wp-image-8625\" alt=\"\" srcset=\"https:\/\/visitrydal.com\/wp-content\/uploads\/2026\/03\/Uldille-2026-768x1024.jpg 768w, https:\/\/visitrydal.com\/wp-content\/uploads\/2026\/03\/Uldille-2026-225x300.jpg 225w, https:\/\/visitrydal.com\/wp-content\/uploads\/2026\/03\/Uldille-2026-1152x1536.jpg 1152w, https:\/\/visitrydal.com\/wp-content\/uploads\/2026\/03\/Uldille-2026-9x12.jpg 9w, https:\/\/visitrydal.com\/wp-content\/uploads\/2026\/03\/Uldille-2026-300x400.jpg 300w, https:\/\/visitrydal.com\/wp-content\/uploads\/2026\/03\/Uldille-2026.jpg 1279w\" sizes=\"(max-width: 768px) 100vw, 768px\" \/>\t\t\t\t\t\t\t\t\t\t\t\t\t\t\t<\/div>\n\t\t\t\t<\/div>\n\t\t\t\t\t<\/div>\n\t\t<\/div>\n\t\t\t\t<div class=\"elementor-column elementor-col-50 elementor-top-column elementor-element elementor-element-b7d348c\" data-id=\"b7d348c\" data-element_type=\"column\">\n\t\t\t<div class=\"elementor-widget-wrap elementor-element-populated\">\n\t\t\t\t\t\t<div class=\"elementor-element elementor-element-65c68a9 elementor-widget elementor-widget-heading\" data-id=\"65c68a9\" data-element_type=\"widget\" data-widget_type=\"heading.default\">\n\t\t\t\t<div class=\"elementor-widget-container\">\n\t\t\t\t\t<h4 class=\"elementor-heading-title elementor-size-default\">Wool craze<\/h4>\t\t\t\t<\/div>\n\t\t\t\t<\/div>\n\t\t\t\t<div class=\"elementor-element elementor-element-cd5f123 elementor-widget elementor-widget-text-editor\" data-id=\"cd5f123\" data-element_type=\"widget\" data-widget_type=\"text-editor.default\">\n\t\t\t\t<div class=\"elementor-widget-container\">\n\t\t\t\t\t\t\t\t\t<p><strong>Mer ull \u00e5t folket &#8211; en bok om svensk ull, Ulldille f\u00f6rlag<\/strong><\/p>\n<p>M\u00e5ngfald och m\u00f6jligheter f\u00f6r den svenska ullen st\u00e5r i fokus i den h\u00e4r boken, ist\u00e4llet f\u00f6r hur mycket som sl\u00e4ngs &#8211; som vi h\u00f6rt om i media p\u00e5 senare \u00e5r.&nbsp;<\/p>\n<p>I text och bild skildras ull\u00e4lskare och eldsj\u00e4lar som ber\u00e4ttar om ullens n\u00e4rmast magiska egenskaper och hur viktigt det \u00e4r att anv\u00e4nda r\u00e4tt ull till r\u00e4tt sak. D\u00e5 finns n\u00e4stan hur m\u00e5nga anv\u00e4ndningsomr\u00e5den som helst!<\/p>\n<p>M\u00e4sspris p\u00e5 boken 495 kronor under Stick- och spinnfest!<br>Vi handtrycker ocks\u00e5 secondhandkl\u00e4der och -v\u00e4skor med Mer ull \u00e5t folket.<\/p>\n<p>F\u00f6rfattare Pia Mattzon och fotograf Anna Sigge \u00e4r p\u00e5 plats.&nbsp;<\/p>\n<p>Mer om boken:<a style=\"background-color: #ffffff;\" href=\"https:\/\/www.ulldille.se\/\"> www.ulldille.se<\/a>&nbsp;<\/p><p>&nbsp;Facebook&nbsp;<a href=\"https:\/\/www.facebook.com\/ulldille.se?locale=sv_SE\">https:\/\/www.facebook.com\/ulldille.se<\/a><br>Instagram:<a href=\"https:\/\/www.instagram.com\/ulldille.se\/\">@ulldille.se&nbsp;<\/a><\/p>\t\t\t\t\t\t\t\t<\/div>\n\t\t\t\t<\/div>\n\t\t\t\t\t<\/div>\n\t\t<\/div>\n\t\t\t\t\t<\/div>\n\t\t<\/section>\n\t\t\t\t<section class=\"elementor-section elementor-top-section elementor-element elementor-element-231bd4a elementor-section-boxed elementor-section-height-default elementor-section-height-default\" data-id=\"231bd4a\" data-element_type=\"section\">\n\t\t\t\t\t\t<div class=\"elementor-container elementor-column-gap-default\">\n\t\t\t\t\t<div class=\"elementor-column elementor-col-100 elementor-top-column elementor-element elementor-element-06fdc94\" data-id=\"06fdc94\" data-element_type=\"column\">\n\t\t\t<div class=\"elementor-widget-wrap elementor-element-populated\">\n\t\t\t\t\t\t<div class=\"elementor-element elementor-element-c1d25bc elementor-widget-divider--view-line elementor-widget elementor-widget-divider\" data-id=\"c1d25bc\" data-element_type=\"widget\" data-widget_type=\"divider.default\">\n\t\t\t\t<div class=\"elementor-widget-container\">\n\t\t\t\t\t\t\t<div class=\"elementor-divider\">\n\t\t\t<span class=\"elementor-divider-separator\">\n\t\t\t\t\t\t<\/span>\n\t\t<\/div>\n\t\t\t\t\t\t<\/div>\n\t\t\t\t<\/div>\n\t\t\t\t\t<\/div>\n\t\t<\/div>\n\t\t\t\t\t<\/div>\n\t\t<\/section>\n\t\t\t\t<section class=\"elementor-section elementor-top-section elementor-element elementor-element-56bdd78 elementor-section-full_width elementor-section-height-default elementor-section-height-default\" data-id=\"56bdd78\" data-element_type=\"section\">\n\t\t\t\t\t\t<div class=\"elementor-container elementor-column-gap-default\">\n\t\t\t\t\t<div class=\"elementor-column elementor-col-50 elementor-top-column elementor-element elementor-element-2eb2ee7\" data-id=\"2eb2ee7\" data-element_type=\"column\">\n\t\t\t<div class=\"elementor-widget-wrap elementor-element-populated\">\n\t\t\t\t\t\t<div class=\"elementor-element elementor-element-d1decb5 elementor-widget elementor-widget-image\" data-id=\"d1decb5\" data-element_type=\"widget\" data-widget_type=\"image.default\">\n\t\t\t\t<div class=\"elementor-widget-container\">\n\t\t\t\t\t\t\t\t\t\t\t\t\t\t\t<img loading=\"lazy\" decoding=\"async\" width=\"764\" height=\"1024\" src=\"https:\/\/visitrydal.com\/wp-content\/uploads\/2024\/05\/Garngladje-764x1024.jpg\" class=\"attachment-large size-large wp-image-6031\" alt=\"\" srcset=\"https:\/\/visitrydal.com\/wp-content\/uploads\/2024\/05\/Garngladje-764x1024.jpg 764w, https:\/\/visitrydal.com\/wp-content\/uploads\/2024\/05\/Garngladje-224x300.jpg 224w, https:\/\/visitrydal.com\/wp-content\/uploads\/2024\/05\/Garngladje-768x1029.jpg 768w, https:\/\/visitrydal.com\/wp-content\/uploads\/2024\/05\/Garngladje-1146x1536.jpg 1146w, https:\/\/visitrydal.com\/wp-content\/uploads\/2024\/05\/Garngladje-1528x2048.jpg 1528w, https:\/\/visitrydal.com\/wp-content\/uploads\/2024\/05\/Garngladje-9x12.jpg 9w, https:\/\/visitrydal.com\/wp-content\/uploads\/2024\/05\/Garngladje-298x400.jpg 298w, https:\/\/visitrydal.com\/wp-content\/uploads\/2024\/05\/Garngladje-scaled.jpg 1910w\" sizes=\"(max-width: 764px) 100vw, 764px\" \/>\t\t\t\t\t\t\t\t\t\t\t\t\t\t\t<\/div>\n\t\t\t\t<\/div>\n\t\t\t\t\t<\/div>\n\t\t<\/div>\n\t\t\t\t<div class=\"elementor-column elementor-col-50 elementor-top-column elementor-element elementor-element-3ba1b18\" data-id=\"3ba1b18\" data-element_type=\"column\">\n\t\t\t<div class=\"elementor-widget-wrap elementor-element-populated\">\n\t\t\t\t\t\t<div class=\"elementor-element elementor-element-adf8a68 elementor-widget elementor-widget-heading\" data-id=\"adf8a68\" data-element_type=\"widget\" data-widget_type=\"heading.default\">\n\t\t\t\t<div class=\"elementor-widget-container\">\n\t\t\t\t\t<h4 class=\"elementor-heading-title elementor-size-default\">Yarn joy<\/h4>\t\t\t\t<\/div>\n\t\t\t\t<\/div>\n\t\t\t\t<div class=\"elementor-element elementor-element-f0a98ac elementor-widget elementor-widget-text-editor\" data-id=\"f0a98ac\" data-element_type=\"widget\" data-widget_type=\"text-editor.default\">\n\t\t\t\t<div class=\"elementor-widget-container\">\n\t\t\t\t\t\t\t\t\t<p>My name is Kerstin and I run Garngl\u00e4dje, a cozy yarn shop in S\u00e4tila. For over 15 years I have shared my passion for yarn and knitting with our amazing customers. For me, yarn is not just a material \u2013 it&#039;s pure joy!<\/p><p>My love for yarn started as a child, and since then I have explored everything from knitting to spinning my own yarn, something that is close to my heart. For a time I also had my own sheep, and I learned a lot about the unique properties of wool by cutting and spinning the yarn myself.<\/p><p>At Garngl\u00e4dje you will find a carefully selected range of yarns from brands such as Isager, Geilsk, Ullcentrum, BC-garn, Noro and Kremke. I am passionate about sustainability and always strive to offer the highest quality yarns that are made with care and without synthetic materials.<\/p><p>Yarn joy - Quality yarns in an inspiring environment and online.<\/p><p><a href=\"https:\/\/www.garngladje.se\/\" target=\"_blank\" rel=\"noopener\">www.garngladje.se<\/a><\/p><p>Instagram:<a href=\"https:\/\/www.instagram.com\/garngladje\/\" target=\"_blank\" rel=\"noopener\">@yarngladje<\/a>\u00a0<\/p><p>e-mail: kerstin@garngladje.se<\/p>\t\t\t\t\t\t\t\t<\/div>\n\t\t\t\t<\/div>\n\t\t\t\t\t<\/div>\n\t\t<\/div>\n\t\t\t\t\t<\/div>\n\t\t<\/section>\n\t\t\t\t<section class=\"elementor-section elementor-top-section elementor-element elementor-element-d72fa1a elementor-section-boxed elementor-section-height-default elementor-section-height-default\" data-id=\"d72fa1a\" data-element_type=\"section\">\n\t\t\t\t\t\t<div class=\"elementor-container elementor-column-gap-default\">\n\t\t\t\t\t<div class=\"elementor-column elementor-col-100 elementor-top-column elementor-element elementor-element-d9d505c\" data-id=\"d9d505c\" data-element_type=\"column\">\n\t\t\t<div class=\"elementor-widget-wrap elementor-element-populated\">\n\t\t\t\t\t\t<div class=\"elementor-element elementor-element-d1b901b elementor-widget-divider--view-line elementor-widget elementor-widget-divider\" data-id=\"d1b901b\" data-element_type=\"widget\" data-widget_type=\"divider.default\">\n\t\t\t\t<div class=\"elementor-widget-container\">\n\t\t\t\t\t\t\t<div class=\"elementor-divider\">\n\t\t\t<span class=\"elementor-divider-separator\">\n\t\t\t\t\t\t<\/span>\n\t\t<\/div>\n\t\t\t\t\t\t<\/div>\n\t\t\t\t<\/div>\n\t\t\t\t\t<\/div>\n\t\t<\/div>\n\t\t\t\t\t<\/div>\n\t\t<\/section>\n\t\t\t\t<section class=\"elementor-section elementor-top-section elementor-element elementor-element-ec445e4 elementor-section-full_width elementor-section-height-default elementor-section-height-default\" data-id=\"ec445e4\" data-element_type=\"section\">\n\t\t\t\t\t\t<div class=\"elementor-container elementor-column-gap-default\">\n\t\t\t\t\t<div class=\"elementor-column elementor-col-50 elementor-top-column elementor-element elementor-element-e7bd35c\" data-id=\"e7bd35c\" data-element_type=\"column\">\n\t\t\t<div class=\"elementor-widget-wrap elementor-element-populated\">\n\t\t\t\t\t\t<div class=\"elementor-element elementor-element-0851cb7 elementor-widget elementor-widget-image\" data-id=\"0851cb7\" data-element_type=\"widget\" data-widget_type=\"image.default\">\n\t\t\t\t<div class=\"elementor-widget-container\">\n\t\t\t\t\t\t\t\t\t\t\t\t\t\t\t<img loading=\"lazy\" decoding=\"async\" width=\"1024\" height=\"767\" src=\"https:\/\/visitrydal.com\/wp-content\/uploads\/2024\/05\/Silvra.jpg\" class=\"attachment-large size-large wp-image-6032\" alt=\"\" srcset=\"https:\/\/visitrydal.com\/wp-content\/uploads\/2024\/05\/Silvra.jpg 1024w, https:\/\/visitrydal.com\/wp-content\/uploads\/2024\/05\/Silvra-300x225.jpg 300w, https:\/\/visitrydal.com\/wp-content\/uploads\/2024\/05\/Silvra-768x575.jpg 768w, https:\/\/visitrydal.com\/wp-content\/uploads\/2024\/05\/Silvra-16x12.jpg 16w, https:\/\/visitrydal.com\/wp-content\/uploads\/2024\/05\/Silvra-600x450.jpg 600w, https:\/\/visitrydal.com\/wp-content\/uploads\/2024\/05\/Silvra-200x150.jpg 200w, https:\/\/visitrydal.com\/wp-content\/uploads\/2024\/05\/Silvra-534x400.jpg 534w\" sizes=\"(max-width: 1024px) 100vw, 1024px\" \/>\t\t\t\t\t\t\t\t\t\t\t\t\t\t\t<\/div>\n\t\t\t\t<\/div>\n\t\t\t\t\t<\/div>\n\t\t<\/div>\n\t\t\t\t<div class=\"elementor-column elementor-col-50 elementor-top-column elementor-element elementor-element-f44563b\" data-id=\"f44563b\" data-element_type=\"column\">\n\t\t\t<div class=\"elementor-widget-wrap elementor-element-populated\">\n\t\t\t\t\t\t<div class=\"elementor-element elementor-element-b8a8048 elementor-widget elementor-widget-heading\" data-id=\"b8a8048\" data-element_type=\"widget\" data-widget_type=\"heading.default\">\n\t\t\t\t<div class=\"elementor-widget-container\">\n\t\t\t\t\t<h4 class=\"elementor-heading-title elementor-size-default\">Silver<\/h4>\t\t\t\t<\/div>\n\t\t\t\t<\/div>\n\t\t\t\t<div class=\"elementor-element elementor-element-e175f15 elementor-widget elementor-widget-text-editor\" data-id=\"e175f15\" data-element_type=\"widget\" data-widget_type=\"text-editor.default\">\n\t\t\t\t<div class=\"elementor-widget-container\">\n\t\t\t\t\t\t\t\t\t<p>My name is Birgitta Thanell and I run the shop and silversmith \u201cSilvra\u201d in Kinna. I make and design my own silver jewelry.<br \/>My specialty is jewelry knitted from thin silver thread. I also work with other techniques.<br \/>I will show and tell a little about silver knitting in Silvra&#039;s stand.<\/p><p><a href=\"https:\/\/www.facebook.com\/Silvra.silversmycken?locale=sv_SE\">https:\/\/www.facebook.com\/Silvra.silversmycken<\/a><br \/>\u00a0<a href=\"https:\/\/www.instagram.com\/silvrabirgittathanell?igsh=ZjZpY285bDR0emFh\" target=\"_blank\" rel=\"noopener\">@silvrabirgittahanell<\/a>\u00a0<\/p>\t\t\t\t\t\t\t\t<\/div>\n\t\t\t\t<\/div>\n\t\t\t\t\t<\/div>\n\t\t<\/div>\n\t\t\t\t\t<\/div>\n\t\t<\/section>\n\t\t\t\t<section class=\"elementor-section elementor-top-section elementor-element elementor-element-d3ee448 elementor-section-boxed elementor-section-height-default elementor-section-height-default\" data-id=\"d3ee448\" data-element_type=\"section\">\n\t\t\t\t\t\t<div class=\"elementor-container elementor-column-gap-default\">\n\t\t\t\t\t<div class=\"elementor-column elementor-col-100 elementor-top-column elementor-element elementor-element-6cc93f9\" data-id=\"6cc93f9\" data-element_type=\"column\">\n\t\t\t<div class=\"elementor-widget-wrap elementor-element-populated\">\n\t\t\t\t\t\t<div class=\"elementor-element elementor-element-a20ab03 elementor-widget-divider--view-line elementor-widget elementor-widget-divider\" data-id=\"a20ab03\" data-element_type=\"widget\" data-widget_type=\"divider.default\">\n\t\t\t\t<div class=\"elementor-widget-container\">\n\t\t\t\t\t\t\t<div class=\"elementor-divider\">\n\t\t\t<span class=\"elementor-divider-separator\">\n\t\t\t\t\t\t<\/span>\n\t\t<\/div>\n\t\t\t\t\t\t<\/div>\n\t\t\t\t<\/div>\n\t\t\t\t\t<\/div>\n\t\t<\/div>\n\t\t\t\t\t<\/div>\n\t\t<\/section>\n\t\t\t\t<section class=\"elementor-section elementor-top-section elementor-element elementor-element-ef80faf elementor-section-full_width elementor-section-height-default elementor-section-height-default\" data-id=\"ef80faf\" data-element_type=\"section\">\n\t\t\t\t\t\t<div class=\"elementor-container elementor-column-gap-default\">\n\t\t\t\t\t<div class=\"elementor-column elementor-col-50 elementor-top-column elementor-element elementor-element-52cddb4\" data-id=\"52cddb4\" data-element_type=\"column\">\n\t\t\t<div class=\"elementor-widget-wrap elementor-element-populated\">\n\t\t\t\t\t\t<div class=\"elementor-element elementor-element-a1d3f63 elementor-widget elementor-widget-image\" data-id=\"a1d3f63\" data-element_type=\"widget\" data-widget_type=\"image.default\">\n\t\t\t\t<div class=\"elementor-widget-container\">\n\t\t\t\t\t\t\t\t\t\t\t\t\t\t\t<img loading=\"lazy\" decoding=\"async\" width=\"1024\" height=\"768\" src=\"https:\/\/visitrydal.com\/wp-content\/uploads\/2024\/05\/garnmakeriet-1024x768.jpg\" class=\"attachment-large size-large wp-image-6033\" alt=\"\" srcset=\"https:\/\/visitrydal.com\/wp-content\/uploads\/2024\/05\/garnmakeriet-1024x768.jpg 1024w, https:\/\/visitrydal.com\/wp-content\/uploads\/2024\/05\/garnmakeriet-300x225.jpg 300w, https:\/\/visitrydal.com\/wp-content\/uploads\/2024\/05\/garnmakeriet-768x576.jpg 768w, https:\/\/visitrydal.com\/wp-content\/uploads\/2024\/05\/garnmakeriet-1536x1152.jpg 1536w, https:\/\/visitrydal.com\/wp-content\/uploads\/2024\/05\/garnmakeriet-2048x1536.jpg 2048w, https:\/\/visitrydal.com\/wp-content\/uploads\/2024\/05\/garnmakeriet-16x12.jpg 16w, https:\/\/visitrydal.com\/wp-content\/uploads\/2024\/05\/garnmakeriet-600x450.jpg 600w, https:\/\/visitrydal.com\/wp-content\/uploads\/2024\/05\/garnmakeriet-200x150.jpg 200w, https:\/\/visitrydal.com\/wp-content\/uploads\/2024\/05\/garnmakeriet-533x400.jpg 533w\" sizes=\"(max-width: 1024px) 100vw, 1024px\" \/>\t\t\t\t\t\t\t\t\t\t\t\t\t\t\t<\/div>\n\t\t\t\t<\/div>\n\t\t\t\t\t<\/div>\n\t\t<\/div>\n\t\t\t\t<div class=\"elementor-column elementor-col-50 elementor-top-column elementor-element elementor-element-7ba2371\" data-id=\"7ba2371\" data-element_type=\"column\">\n\t\t\t<div class=\"elementor-widget-wrap elementor-element-populated\">\n\t\t\t\t\t\t<div class=\"elementor-element elementor-element-1bba038 elementor-widget elementor-widget-heading\" data-id=\"1bba038\" data-element_type=\"widget\" data-widget_type=\"heading.default\">\n\t\t\t\t<div class=\"elementor-widget-container\">\n\t\t\t\t\t<h4 class=\"elementor-heading-title elementor-size-default\">The yarn factory<\/h4>\t\t\t\t<\/div>\n\t\t\t\t<\/div>\n\t\t\t\t<div class=\"elementor-element elementor-element-337e6ea elementor-widget elementor-widget-text-editor\" data-id=\"337e6ea\" data-element_type=\"widget\" data-widget_type=\"text-editor.default\">\n\t\t\t\t<div class=\"elementor-widget-container\">\n\t\t\t\t\t\t\t\t\t<p>Garnmakeriet loves colour! We work with untreated wool yarns that we dye in beautiful colours.                                                        Check out our instagram\u00a0 <a href=\"https:\/\/www.instagram.com\/garnmakeriet\/\" target=\"_blank\" rel=\"noopener\">@garnmakeriet<\/a> and our online shop\u00a0 \u00a0<a href=\"https:\/\/garnmakeriet.se\/\" target=\"_blank\" rel=\"noopener\">www.garnmakeriet.se<\/a><\/p>\t\t\t\t\t\t\t\t<\/div>\n\t\t\t\t<\/div>\n\t\t\t\t\t<\/div>\n\t\t<\/div>\n\t\t\t\t\t<\/div>\n\t\t<\/section>\n\t\t\t\t<section class=\"elementor-section elementor-top-section elementor-element elementor-element-891ab5c elementor-section-boxed elementor-section-height-default elementor-section-height-default\" data-id=\"891ab5c\" data-element_type=\"section\">\n\t\t\t\t\t\t<div class=\"elementor-container elementor-column-gap-default\">\n\t\t\t\t\t<div class=\"elementor-column elementor-col-100 elementor-top-column elementor-element elementor-element-08b78ee\" data-id=\"08b78ee\" data-element_type=\"column\">\n\t\t\t<div class=\"elementor-widget-wrap elementor-element-populated\">\n\t\t\t\t\t\t<div class=\"elementor-element elementor-element-de01f2b elementor-widget-divider--view-line elementor-widget elementor-widget-divider\" data-id=\"de01f2b\" data-element_type=\"widget\" data-widget_type=\"divider.default\">\n\t\t\t\t<div class=\"elementor-widget-container\">\n\t\t\t\t\t\t\t<div class=\"elementor-divider\">\n\t\t\t<span class=\"elementor-divider-separator\">\n\t\t\t\t\t\t<\/span>\n\t\t<\/div>\n\t\t\t\t\t\t<\/div>\n\t\t\t\t<\/div>\n\t\t\t\t\t<\/div>\n\t\t<\/div>\n\t\t\t\t\t<\/div>\n\t\t<\/section>\n\t\t\t\t<section class=\"elementor-section elementor-top-section elementor-element elementor-element-d96c328 elementor-section-full_width elementor-section-height-default elementor-section-height-default\" data-id=\"d96c328\" data-element_type=\"section\">\n\t\t\t\t\t\t<div class=\"elementor-container elementor-column-gap-default\">\n\t\t\t\t\t<div class=\"elementor-column elementor-col-50 elementor-top-column elementor-element elementor-element-1da670b\" data-id=\"1da670b\" data-element_type=\"column\">\n\t\t\t<div class=\"elementor-widget-wrap elementor-element-populated\">\n\t\t\t\t\t\t<div class=\"elementor-element elementor-element-7605cfd elementor-widget elementor-widget-image\" data-id=\"7605cfd\" data-element_type=\"widget\" data-widget_type=\"image.default\">\n\t\t\t\t<div class=\"elementor-widget-container\">\n\t\t\t\t\t\t\t\t\t\t\t\t\t\t\t<img loading=\"lazy\" decoding=\"async\" width=\"768\" height=\"1024\" src=\"https:\/\/visitrydal.com\/wp-content\/uploads\/2024\/05\/Skew-Design-768x1024.jpg\" class=\"attachment-large size-large wp-image-6035\" alt=\"\" srcset=\"https:\/\/visitrydal.com\/wp-content\/uploads\/2024\/05\/Skew-Design-768x1024.jpg 768w, https:\/\/visitrydal.com\/wp-content\/uploads\/2024\/05\/Skew-Design-225x300.jpg 225w, https:\/\/visitrydal.com\/wp-content\/uploads\/2024\/05\/Skew-Design-1152x1536.jpg 1152w, https:\/\/visitrydal.com\/wp-content\/uploads\/2024\/05\/Skew-Design-1536x2048.jpg 1536w, https:\/\/visitrydal.com\/wp-content\/uploads\/2024\/05\/Skew-Design-9x12.jpg 9w, https:\/\/visitrydal.com\/wp-content\/uploads\/2024\/05\/Skew-Design-300x400.jpg 300w, https:\/\/visitrydal.com\/wp-content\/uploads\/2024\/05\/Skew-Design-scaled.jpg 1920w\" sizes=\"(max-width: 768px) 100vw, 768px\" \/>\t\t\t\t\t\t\t\t\t\t\t\t\t\t\t<\/div>\n\t\t\t\t<\/div>\n\t\t\t\t\t<\/div>\n\t\t<\/div>\n\t\t\t\t<div class=\"elementor-column elementor-col-50 elementor-top-column elementor-element elementor-element-55ddcc7\" data-id=\"55ddcc7\" data-element_type=\"column\">\n\t\t\t<div class=\"elementor-widget-wrap elementor-element-populated\">\n\t\t\t\t\t\t<div class=\"elementor-element elementor-element-7650dca elementor-widget elementor-widget-heading\" data-id=\"7650dca\" data-element_type=\"widget\" data-widget_type=\"heading.default\">\n\t\t\t\t<div class=\"elementor-widget-container\">\n\t\t\t\t\t<h4 class=\"elementor-heading-title elementor-size-default\">SKeW Design<\/h4>\t\t\t\t<\/div>\n\t\t\t\t<\/div>\n\t\t\t\t<div class=\"elementor-element elementor-element-e2fbd18 elementor-widget elementor-widget-text-editor\" data-id=\"e2fbd18\" data-element_type=\"widget\" data-widget_type=\"text-editor.default\">\n\t\t\t\t<div class=\"elementor-widget-container\">\n\t\t\t\t\t\t\t\t\t<p>SKeW Design has hand-dyed soft lovely yarn without superwash with inspiration from nature. Johanna also designs knitting patterns in varying degrees of difficulty, from the simple hat to the complicated lace shawls.<\/p><p>Find us on Instagram\u00a0<a href=\"https:\/\/www.instagram.com\/skewdesign.se\/\" target=\"_blank\" rel=\"noopener\">@skewdesign.se<\/a>\u00a0 or via the website <a href=\"https:\/\/skewdesign.se\/\" target=\"_blank\" rel=\"noopener\">www.skewdesign.se<\/a>\u00a0<\/p>\t\t\t\t\t\t\t\t<\/div>\n\t\t\t\t<\/div>\n\t\t\t\t\t<\/div>\n\t\t<\/div>\n\t\t\t\t\t<\/div>\n\t\t<\/section>\n\t\t\t\t<section class=\"elementor-section elementor-top-section elementor-element elementor-element-c93a96b elementor-section-boxed elementor-section-height-default elementor-section-height-default\" data-id=\"c93a96b\" data-element_type=\"section\">\n\t\t\t\t\t\t<div class=\"elementor-container elementor-column-gap-default\">\n\t\t\t\t\t<div class=\"elementor-column elementor-col-100 elementor-top-column elementor-element elementor-element-0bca73e\" data-id=\"0bca73e\" data-element_type=\"column\">\n\t\t\t<div class=\"elementor-widget-wrap elementor-element-populated\">\n\t\t\t\t\t\t<div class=\"elementor-element elementor-element-6bbd775 elementor-widget-divider--view-line elementor-widget elementor-widget-divider\" data-id=\"6bbd775\" data-element_type=\"widget\" data-widget_type=\"divider.default\">\n\t\t\t\t<div class=\"elementor-widget-container\">\n\t\t\t\t\t\t\t<div class=\"elementor-divider\">\n\t\t\t<span class=\"elementor-divider-separator\">\n\t\t\t\t\t\t<\/span>\n\t\t<\/div>\n\t\t\t\t\t\t<\/div>\n\t\t\t\t<\/div>\n\t\t\t\t\t<\/div>\n\t\t<\/div>\n\t\t\t\t\t<\/div>\n\t\t<\/section>\n\t\t\t\t<section class=\"elementor-section elementor-top-section elementor-element elementor-element-c539f01 elementor-section-full_width elementor-section-height-default elementor-section-height-default\" data-id=\"c539f01\" data-element_type=\"section\">\n\t\t\t\t\t\t<div class=\"elementor-container elementor-column-gap-default\">\n\t\t\t\t\t<div class=\"elementor-column elementor-col-50 elementor-top-column elementor-element elementor-element-d8d2d0c\" data-id=\"d8d2d0c\" data-element_type=\"column\">\n\t\t\t<div class=\"elementor-widget-wrap elementor-element-populated\">\n\t\t\t\t\t\t<div class=\"elementor-element elementor-element-4aa5391 elementor-widget__width-initial elementor-widget elementor-widget-image\" data-id=\"4aa5391\" data-element_type=\"widget\" data-widget_type=\"image.default\">\n\t\t\t\t<div class=\"elementor-widget-container\">\n\t\t\t\t\t\t\t\t\t\t\t\t\t\t\t<img loading=\"lazy\" decoding=\"async\" width=\"1024\" height=\"1024\" src=\"https:\/\/visitrydal.com\/wp-content\/uploads\/2024\/05\/My-Barklind-pa-marknad-1024x1024.jpg\" class=\"attachment-large size-large wp-image-6111\" alt=\"\" srcset=\"https:\/\/visitrydal.com\/wp-content\/uploads\/2024\/05\/My-Barklind-pa-marknad-1024x1024.jpg 1024w, https:\/\/visitrydal.com\/wp-content\/uploads\/2024\/05\/My-Barklind-pa-marknad-300x300.jpg 300w, https:\/\/visitrydal.com\/wp-content\/uploads\/2024\/05\/My-Barklind-pa-marknad-150x150.jpg 150w, https:\/\/visitrydal.com\/wp-content\/uploads\/2024\/05\/My-Barklind-pa-marknad-768x768.jpg 768w, https:\/\/visitrydal.com\/wp-content\/uploads\/2024\/05\/My-Barklind-pa-marknad-1536x1536.jpg 1536w, https:\/\/visitrydal.com\/wp-content\/uploads\/2024\/05\/My-Barklind-pa-marknad-2048x2048.jpg 2048w, https:\/\/visitrydal.com\/wp-content\/uploads\/2024\/05\/My-Barklind-pa-marknad-12x12.jpg 12w, https:\/\/visitrydal.com\/wp-content\/uploads\/2024\/05\/My-Barklind-pa-marknad-60x60.jpg 60w, https:\/\/visitrydal.com\/wp-content\/uploads\/2024\/05\/My-Barklind-pa-marknad-40x40.jpg 40w, https:\/\/visitrydal.com\/wp-content\/uploads\/2024\/05\/My-Barklind-pa-marknad-80x80.jpg 80w, https:\/\/visitrydal.com\/wp-content\/uploads\/2024\/05\/My-Barklind-pa-marknad-20x20.jpg 20w, https:\/\/visitrydal.com\/wp-content\/uploads\/2024\/05\/My-Barklind-pa-marknad-128x128.jpg 128w, https:\/\/visitrydal.com\/wp-content\/uploads\/2024\/05\/My-Barklind-pa-marknad-73x73.jpg 73w, https:\/\/visitrydal.com\/wp-content\/uploads\/2024\/05\/My-Barklind-pa-marknad-130x130.jpg 130w, https:\/\/visitrydal.com\/wp-content\/uploads\/2024\/05\/My-Barklind-pa-marknad-600x600.jpg 600w, https:\/\/visitrydal.com\/wp-content\/uploads\/2024\/05\/My-Barklind-pa-marknad-400x400.jpg 400w\" sizes=\"(max-width: 1024px) 100vw, 1024px\" \/>\t\t\t\t\t\t\t\t\t\t\t\t\t\t\t<\/div>\n\t\t\t\t<\/div>\n\t\t\t\t\t<\/div>\n\t\t<\/div>\n\t\t\t\t<div class=\"elementor-column elementor-col-50 elementor-top-column elementor-element elementor-element-b89f43c\" data-id=\"b89f43c\" data-element_type=\"column\">\n\t\t\t<div class=\"elementor-widget-wrap elementor-element-populated\">\n\t\t\t\t\t\t<div class=\"elementor-element elementor-element-735e178 elementor-widget__width-initial elementor-widget elementor-widget-text-editor\" data-id=\"735e178\" data-element_type=\"widget\" data-widget_type=\"text-editor.default\">\n\t\t\t\t<div class=\"elementor-widget-container\">\n\t\t\t\t\t\t\t\t\t<p><span style=\"color: #000000;\"><strong>\u00a0 \u00a0 \u00a0 \u00a0 \u00a0 \u00a0My Barklind\/Av Bark Hand Dyed Yarns<\/strong><\/span><\/p><p><span style=\"color: #202124;\"><span style=\"font-family: Arial, sans-serif;\"><span style=\"font-size: medium;\">My Barklind, who runs Atelje av Bark, works with hand-dyed yarn - in the traditional way with pigments from nature - and writes and designs knitting patterns for others to create through.<\/span><\/span><\/span><\/p><p><span style=\"color: #242424;\"><span style=\"font-family: Arial, sans-serif;\"><span style=\"font-size: medium;\">For My, hand knitting is true slow fashion and My wants to give all hand knitting yarn lovers an alternative to synthetic hand dyed yarns by hand dyeing with pigments from our nature.<\/span><\/span><\/span><\/p><p><span style=\"color: #242424;\"><span style=\"font-family: Arial, sans-serif;\"><span style=\"font-size: medium;\">Atelje av Bark strives to create a new generation of yarns with as low a carbon footprint as possible. By combining yarn selection and traditional plant dyeing with new methods, colors and collections are created for contemporary and future yarn crafts. The goal is to offer hand knitters the opportunity to choose carefully colored yarns and to create garments that suit both body and mind.<\/span><\/span><\/span><\/p><p><span style=\"color: #000000;\">instagram<\/span>:<a href=\"https:\/\/www.instagram.com\/atelje_av_bark\/\" target=\"_blank\" rel=\"noopener\">@atelje_av_bark<\/a><\/p><p><span style=\"color: #000000;\">e-mail: My.barklind@gmail.com\u00a0 \u00a0\u00a0<\/span><\/p><p><a href=\"https:\/\/www.ravelry.com\/designers\/my-barklind?fbclid=PAZXh0bgNhZW0CMTEAAacEHTi3n10tk7IyBOYfOjgaEZRmbwuY6CEx_mKWJPFkQHC88crZCkWhDhBUJQ_aem_yDF_mBHWtztjYr5lf9huig\" target=\"_blank\" rel=\"noopener\"> ravelry.com\/designers\/my-barklind<\/a><\/p>\t\t\t\t\t\t\t\t<\/div>\n\t\t\t\t<\/div>\n\t\t\t\t\t<\/div>\n\t\t<\/div>\n\t\t\t\t\t<\/div>\n\t\t<\/section>\n\t\t\t\t<section class=\"elementor-section elementor-top-section elementor-element elementor-element-4d829d6 elementor-section-boxed elementor-section-height-default elementor-section-height-default\" data-id=\"4d829d6\" data-element_type=\"section\">\n\t\t\t\t\t\t<div class=\"elementor-container elementor-column-gap-default\">\n\t\t\t\t\t<div class=\"elementor-column elementor-col-100 elementor-top-column elementor-element elementor-element-a04dde3\" data-id=\"a04dde3\" data-element_type=\"column\">\n\t\t\t<div class=\"elementor-widget-wrap elementor-element-populated\">\n\t\t\t\t\t\t<div class=\"elementor-element elementor-element-15a18a5 elementor-widget-divider--view-line elementor-widget elementor-widget-divider\" data-id=\"15a18a5\" data-element_type=\"widget\" data-widget_type=\"divider.default\">\n\t\t\t\t<div class=\"elementor-widget-container\">\n\t\t\t\t\t\t\t<div class=\"elementor-divider\">\n\t\t\t<span class=\"elementor-divider-separator\">\n\t\t\t\t\t\t<\/span>\n\t\t<\/div>\n\t\t\t\t\t\t<\/div>\n\t\t\t\t<\/div>\n\t\t\t\t\t<\/div>\n\t\t<\/div>\n\t\t\t\t\t<\/div>\n\t\t<\/section>\n\t\t\t\t<section class=\"elementor-section elementor-top-section elementor-element elementor-element-aca12d1 elementor-section-full_width elementor-section-height-default elementor-section-height-default\" data-id=\"aca12d1\" data-element_type=\"section\">\n\t\t\t\t\t\t<div class=\"elementor-container elementor-column-gap-default\">\n\t\t\t\t\t<div class=\"elementor-column elementor-col-50 elementor-top-column elementor-element elementor-element-69bfbc0\" data-id=\"69bfbc0\" data-element_type=\"column\">\n\t\t\t<div class=\"elementor-widget-wrap elementor-element-populated\">\n\t\t\t\t\t\t<div class=\"elementor-element elementor-element-6635594 elementor-widget elementor-widget-image\" data-id=\"6635594\" data-element_type=\"widget\" data-widget_type=\"image.default\">\n\t\t\t\t<div class=\"elementor-widget-container\">\n\t\t\t\t\t\t\t\t\t\t\t\t\t\t\t<img loading=\"lazy\" decoding=\"async\" width=\"478\" height=\"198\" src=\"https:\/\/visitrydal.com\/wp-content\/uploads\/2024\/05\/VK_logga_omgjord-Vavkompaniet.jpg\" class=\"attachment-large size-large wp-image-6050\" alt=\"\" srcset=\"https:\/\/visitrydal.com\/wp-content\/uploads\/2024\/05\/VK_logga_omgjord-Vavkompaniet.jpg 478w, https:\/\/visitrydal.com\/wp-content\/uploads\/2024\/05\/VK_logga_omgjord-Vavkompaniet-300x124.jpg 300w, https:\/\/visitrydal.com\/wp-content\/uploads\/2024\/05\/VK_logga_omgjord-Vavkompaniet-18x7.jpg 18w\" sizes=\"(max-width: 478px) 100vw, 478px\" \/>\t\t\t\t\t\t\t\t\t\t\t\t\t\t\t<\/div>\n\t\t\t\t<\/div>\n\t\t\t\t<div class=\"elementor-element elementor-element-fbde05d elementor-widget__width-initial elementor-widget elementor-widget-image\" data-id=\"fbde05d\" data-element_type=\"widget\" data-widget_type=\"image.default\">\n\t\t\t\t<div class=\"elementor-widget-container\">\n\t\t\t\t\t\t\t\t\t\t\t\t\t\t\t<img loading=\"lazy\" decoding=\"async\" width=\"1024\" height=\"1024\" src=\"https:\/\/visitrydal.com\/wp-content\/uploads\/2024\/05\/Slandor-Vavkompaniet-1024x1024.jpeg\" class=\"attachment-large size-large wp-image-6068\" alt=\"\" srcset=\"https:\/\/visitrydal.com\/wp-content\/uploads\/2024\/05\/Slandor-Vavkompaniet-1024x1024.jpeg 1024w, https:\/\/visitrydal.com\/wp-content\/uploads\/2024\/05\/Slandor-Vavkompaniet-300x300.jpeg 300w, https:\/\/visitrydal.com\/wp-content\/uploads\/2024\/05\/Slandor-Vavkompaniet-150x150.jpeg 150w, https:\/\/visitrydal.com\/wp-content\/uploads\/2024\/05\/Slandor-Vavkompaniet-768x768.jpeg 768w, https:\/\/visitrydal.com\/wp-content\/uploads\/2024\/05\/Slandor-Vavkompaniet-1536x1536.jpeg 1536w, https:\/\/visitrydal.com\/wp-content\/uploads\/2024\/05\/Slandor-Vavkompaniet-2048x2048.jpeg 2048w, https:\/\/visitrydal.com\/wp-content\/uploads\/2024\/05\/Slandor-Vavkompaniet-12x12.jpeg 12w, https:\/\/visitrydal.com\/wp-content\/uploads\/2024\/05\/Slandor-Vavkompaniet-60x60.jpeg 60w, https:\/\/visitrydal.com\/wp-content\/uploads\/2024\/05\/Slandor-Vavkompaniet-40x40.jpeg 40w, https:\/\/visitrydal.com\/wp-content\/uploads\/2024\/05\/Slandor-Vavkompaniet-80x80.jpeg 80w, https:\/\/visitrydal.com\/wp-content\/uploads\/2024\/05\/Slandor-Vavkompaniet-20x20.jpeg 20w, https:\/\/visitrydal.com\/wp-content\/uploads\/2024\/05\/Slandor-Vavkompaniet-128x128.jpeg 128w, https:\/\/visitrydal.com\/wp-content\/uploads\/2024\/05\/Slandor-Vavkompaniet-73x73.jpeg 73w, https:\/\/visitrydal.com\/wp-content\/uploads\/2024\/05\/Slandor-Vavkompaniet-130x130.jpeg 130w, https:\/\/visitrydal.com\/wp-content\/uploads\/2024\/05\/Slandor-Vavkompaniet-600x600.jpeg 600w, https:\/\/visitrydal.com\/wp-content\/uploads\/2024\/05\/Slandor-Vavkompaniet-400x400.jpeg 400w\" sizes=\"(max-width: 1024px) 100vw, 1024px\" \/>\t\t\t\t\t\t\t\t\t\t\t\t\t\t\t<\/div>\n\t\t\t\t<\/div>\n\t\t\t\t\t<\/div>\n\t\t<\/div>\n\t\t\t\t<div class=\"elementor-column elementor-col-50 elementor-top-column elementor-element elementor-element-3cb9e06\" data-id=\"3cb9e06\" data-element_type=\"column\">\n\t\t\t<div class=\"elementor-widget-wrap elementor-element-populated\">\n\t\t\t\t\t\t<div class=\"elementor-element elementor-element-5fd3da0 elementor-widget elementor-widget-heading\" data-id=\"5fd3da0\" data-element_type=\"widget\" data-widget_type=\"heading.default\">\n\t\t\t\t<div class=\"elementor-widget-container\">\n\t\t\t\t\t<h4 class=\"elementor-heading-title elementor-size-default\">The weaving company <\/h4>\t\t\t\t<\/div>\n\t\t\t\t<\/div>\n\t\t\t\t<div class=\"elementor-element elementor-element-aa044f9 elementor-widget elementor-widget-text-editor\" data-id=\"aa044f9\" data-element_type=\"widget\" data-widget_type=\"text-editor.default\">\n\t\t\t\t<div class=\"elementor-widget-container\">\n\t\t\t\t\t\t\t\t\t<p>We are a craft cooperative with a shop and gallery in central Bor\u00e5s. We are 8 members who run the store. Our specialty is handmade needlework tools, yarn and other needlework materials. We often have craft cafes and workshops in the store.<\/p><p>We will bring nice dragonflies in different models and also show how to spin them and other crafts such as looping which we show at the table.<\/p><p>Tel:076-035 62 68\u00a0 \u00a0 \u00a0 \u00a0 \u00a0 \u00a0 \u00a0 \u00a0 \u00a0 \u00a0 \u00a0 \u00a0 \u00a0 \u00a0 \u00a0 \u00a0 \u00a0 \u00a0 \u00a0 \u00a0 \u00a0 \u00a0 \u00a0 \u00a0 \u00a0<\/p><p>e-post: Info@vavkompaniet.se\u00a0<\/p><p><a href=\"https:\/\/www.vavkompaniet.se\/\" target=\"_blank\" rel=\"noopener\">www.vavkompaniet.se<\/a>\u00a0<\/p><p>Instagram:<a href=\"https:\/\/www.instagram.com\/vavkompaniet\/\" target=\"_blank\" rel=\"noopener\">@vavcompany<\/a><\/p>\t\t\t\t\t\t\t\t<\/div>\n\t\t\t\t<\/div>\n\t\t\t\t\t<\/div>\n\t\t<\/div>\n\t\t\t\t\t<\/div>\n\t\t<\/section>\n\t\t\t\t<section class=\"elementor-section elementor-top-section elementor-element elementor-element-0d9ffb0 elementor-section-boxed elementor-section-height-default elementor-section-height-default\" data-id=\"0d9ffb0\" data-element_type=\"section\">\n\t\t\t\t\t\t<div class=\"elementor-container elementor-column-gap-default\">\n\t\t\t\t\t<div class=\"elementor-column elementor-col-100 elementor-top-column elementor-element elementor-element-1b38b27\" data-id=\"1b38b27\" data-element_type=\"column\">\n\t\t\t<div class=\"elementor-widget-wrap elementor-element-populated\">\n\t\t\t\t\t\t<div class=\"elementor-element elementor-element-d070d0b elementor-widget-divider--view-line elementor-widget elementor-widget-divider\" data-id=\"d070d0b\" data-element_type=\"widget\" data-widget_type=\"divider.default\">\n\t\t\t\t<div class=\"elementor-widget-container\">\n\t\t\t\t\t\t\t<div class=\"elementor-divider\">\n\t\t\t<span class=\"elementor-divider-separator\">\n\t\t\t\t\t\t<\/span>\n\t\t<\/div>\n\t\t\t\t\t\t<\/div>\n\t\t\t\t<\/div>\n\t\t\t\t\t<\/div>\n\t\t<\/div>\n\t\t\t\t\t<\/div>\n\t\t<\/section>\n\t\t\t\t<section class=\"elementor-section elementor-top-section elementor-element elementor-element-75fdae4 elementor-section-full_width elementor-section-height-default elementor-section-height-default\" data-id=\"75fdae4\" data-element_type=\"section\">\n\t\t\t\t\t\t<div class=\"elementor-container elementor-column-gap-default\">\n\t\t\t\t\t<div class=\"elementor-column elementor-col-50 elementor-top-column elementor-element elementor-element-49dd4a8\" data-id=\"49dd4a8\" data-element_type=\"column\">\n\t\t\t<div class=\"elementor-widget-wrap elementor-element-populated\">\n\t\t\t\t\t\t<div class=\"elementor-element elementor-element-1883924 elementor-widget elementor-widget-image\" data-id=\"1883924\" data-element_type=\"widget\" data-widget_type=\"image.default\">\n\t\t\t\t<div class=\"elementor-widget-container\">\n\t\t\t\t\t\t\t\t\t\t\t\t\t\t\t<img loading=\"lazy\" decoding=\"async\" width=\"1024\" height=\"1024\" src=\"https:\/\/visitrydal.com\/wp-content\/uploads\/2024\/05\/ladybugg-1024x1024.jpg\" class=\"attachment-large size-large wp-image-6043\" alt=\"\" srcset=\"https:\/\/visitrydal.com\/wp-content\/uploads\/2024\/05\/ladybugg-1024x1024.jpg 1024w, https:\/\/visitrydal.com\/wp-content\/uploads\/2024\/05\/ladybugg-300x300.jpg 300w, https:\/\/visitrydal.com\/wp-content\/uploads\/2024\/05\/ladybugg-150x150.jpg 150w, https:\/\/visitrydal.com\/wp-content\/uploads\/2024\/05\/ladybugg-768x768.jpg 768w, https:\/\/visitrydal.com\/wp-content\/uploads\/2024\/05\/ladybugg-12x12.jpg 12w, https:\/\/visitrydal.com\/wp-content\/uploads\/2024\/05\/ladybugg-60x60.jpg 60w, https:\/\/visitrydal.com\/wp-content\/uploads\/2024\/05\/ladybugg-40x40.jpg 40w, https:\/\/visitrydal.com\/wp-content\/uploads\/2024\/05\/ladybugg-80x80.jpg 80w, https:\/\/visitrydal.com\/wp-content\/uploads\/2024\/05\/ladybugg-20x20.jpg 20w, https:\/\/visitrydal.com\/wp-content\/uploads\/2024\/05\/ladybugg-128x128.jpg 128w, https:\/\/visitrydal.com\/wp-content\/uploads\/2024\/05\/ladybugg-73x73.jpg 73w, https:\/\/visitrydal.com\/wp-content\/uploads\/2024\/05\/ladybugg-130x130.jpg 130w, https:\/\/visitrydal.com\/wp-content\/uploads\/2024\/05\/ladybugg-600x600.jpg 600w, https:\/\/visitrydal.com\/wp-content\/uploads\/2024\/05\/ladybugg-400x400.jpg 400w, https:\/\/visitrydal.com\/wp-content\/uploads\/2024\/05\/ladybugg.jpg 1182w\" sizes=\"(max-width: 1024px) 100vw, 1024px\" \/>\t\t\t\t\t\t\t\t\t\t\t\t\t\t\t<\/div>\n\t\t\t\t<\/div>\n\t\t\t\t\t<\/div>\n\t\t<\/div>\n\t\t\t\t<div class=\"elementor-column elementor-col-50 elementor-top-column elementor-element elementor-element-2db1e8f\" data-id=\"2db1e8f\" data-element_type=\"column\">\n\t\t\t<div class=\"elementor-widget-wrap elementor-element-populated\">\n\t\t\t\t\t\t<div class=\"elementor-element elementor-element-fddca59 elementor-widget elementor-widget-heading\" data-id=\"fddca59\" data-element_type=\"widget\" data-widget_type=\"heading.default\">\n\t\t\t\t<div class=\"elementor-widget-container\">\n\t\t\t\t\t<h4 class=\"elementor-heading-title elementor-size-default\">Dragonfly&#039;s Ladybug&#039;s Yarn<\/h4>\t\t\t\t<\/div>\n\t\t\t\t<\/div>\n\t\t\t\t<div class=\"elementor-element elementor-element-959e348 elementor-widget elementor-widget-text-editor\" data-id=\"959e348\" data-element_type=\"widget\" data-widget_type=\"text-editor.default\">\n\t\t\t\t<div class=\"elementor-widget-container\">\n\t\t\t\t\t\t\t\t\t<p>Jag som driver Dragonflyes Ladybugs yarn\/DLYarn heter Linda . Efter m\u00e5nga \u00e5rs sjukdom har jag hittat n\u00e5got som h\u00e5ller ig\u00e5ng min kreativa sida , f\u00f6rutom stickning. Jag syr projektv\u00e4skor , f\u00e4rgar garn och pillar med lite sticktillbeh\u00f6r s\u00e5 som att g\u00f6ra stickmark\u00f6rer, radr\u00e4knare , \u00e4ven en del smycken att h\u00e4nga dina mark\u00f6rer fr\u00e5n. V\u00e5rat signum \u00e4r att anv\u00e4nda oss av s\u00e5 mycket rent material som m\u00f6jligt. Att f\u00e5 bort plasten fr\u00e5n v\u00e5rat \u201dnormala\u201d t\u00e4nk. \u00a0<\/p><p>V\u00e4skorna fr\u00e5n mig \u00e4r one of a kind. Det ska inte finnas en likadan. V\u00e4skorna sys idag i 3 st i samma f\u00e4rgformat. Vill man vara s\u00e4ker p\u00e5 att f\u00e5 3 likadana ( eller hur m\u00e5nga man nu vill ha) \u00e4r det bara att kontakta mig p\u00e5: Dragonflyes.Ladybugs@gmail.com.\u00a0 \u00a0 \u00a0 \u00a0 \u00a0 \u00a0 \u00a0 \u00a0 \u00a0 \u00a0 \u00a0 \u00a0 \u00a0 \u00a0 \u00a0 \u00a0 \u00a0 \u00a0 \u00a0 \u00a0 \u00a0 \u00a0 \u00a0 \u00a0 \u00a0 \u00a0 \u00a0 \u00a0 \u00a0 \u00a0 \u00a0 \u00a0 \u00a0 \u00a0 \u00a0 L\u00f6rdag den 10 okt. kommer jag ha en workshop:<span style=\"color: #000080;\"><span lang=\"zxx\"><span style=\"color: #000000;\"><span style=\"font-family: Arial, sans-serif;\"><span style=\"font-size: small;\"><b>13.00-14.00 &#8220;<\/b><\/span><\/span><\/span><\/span><\/span><span style=\"color: #000080;\"><span lang=\"zxx\"><span style=\"color: #222222;\"><span style=\"font-family: Arial, sans-serif;\"><span style=\"font-size: small;\"><b>F\u00e4rga med kool aid&#8221; boka genom\u00a0<\/b><\/span><\/span><\/span><\/span><\/span>e-post: <a href=\"\/en\/Dragonflyes.Ladybugs@gmail.com\/\">Dragonflyes.Ladybugs@gmail.com<\/a><\/p><p style=\"text-align: left;\">Tel:0733343704\u00a0 \u00a0<\/p><p style=\"text-align: left;\">Instagram: <a style=\"background-color: #ffffff;\" href=\"https:\/\/www.instagram.com\/dragonflyes_ladybugs\/\" target=\"_blank\" rel=\"noopener\">dragonflyers_ladybugs<\/a>\u00a0<\/p>\t\t\t\t\t\t\t\t<\/div>\n\t\t\t\t<\/div>\n\t\t\t\t\t<\/div>\n\t\t<\/div>\n\t\t\t\t\t<\/div>\n\t\t<\/section>\n\t\t\t\t<section class=\"elementor-section elementor-top-section elementor-element elementor-element-39dc71d elementor-section-boxed elementor-section-height-default elementor-section-height-default\" data-id=\"39dc71d\" data-element_type=\"section\">\n\t\t\t\t\t\t<div class=\"elementor-container elementor-column-gap-default\">\n\t\t\t\t\t<div class=\"elementor-column elementor-col-100 elementor-top-column elementor-element elementor-element-b45f779\" data-id=\"b45f779\" data-element_type=\"column\">\n\t\t\t<div class=\"elementor-widget-wrap elementor-element-populated\">\n\t\t\t\t\t\t<div class=\"elementor-element elementor-element-4c648a0 elementor-widget-divider--view-line elementor-widget elementor-widget-divider\" data-id=\"4c648a0\" data-element_type=\"widget\" data-widget_type=\"divider.default\">\n\t\t\t\t<div class=\"elementor-widget-container\">\n\t\t\t\t\t\t\t<div class=\"elementor-divider\">\n\t\t\t<span class=\"elementor-divider-separator\">\n\t\t\t\t\t\t<\/span>\n\t\t<\/div>\n\t\t\t\t\t\t<\/div>\n\t\t\t\t<\/div>\n\t\t\t\t\t<\/div>\n\t\t<\/div>\n\t\t\t\t\t<\/div>\n\t\t<\/section>\n\t\t\t\t<section class=\"elementor-section elementor-top-section elementor-element elementor-element-f72e082 elementor-section-full_width elementor-section-height-default elementor-section-height-default\" data-id=\"f72e082\" data-element_type=\"section\">\n\t\t\t\t\t\t<div class=\"elementor-container elementor-column-gap-default\">\n\t\t\t\t\t<div class=\"elementor-column elementor-col-50 elementor-top-column elementor-element elementor-element-262e13d\" data-id=\"262e13d\" data-element_type=\"column\">\n\t\t\t<div class=\"elementor-widget-wrap elementor-element-populated\">\n\t\t\t\t\t\t<div class=\"elementor-element elementor-element-e70aee6 elementor-widget elementor-widget-image\" data-id=\"e70aee6\" data-element_type=\"widget\" data-widget_type=\"image.default\">\n\t\t\t\t<div class=\"elementor-widget-container\">\n\t\t\t\t\t\t\t\t\t\t\t\t\t\t\t<img loading=\"lazy\" decoding=\"async\" width=\"1024\" height=\"1024\" src=\"https:\/\/visitrydal.com\/wp-content\/uploads\/2024\/05\/produkter-collage-Wistas-1024x1024.jpg\" class=\"attachment-large size-large wp-image-7594\" alt=\"\" srcset=\"https:\/\/visitrydal.com\/wp-content\/uploads\/2024\/05\/produkter-collage-Wistas-1024x1024.jpg 1024w, https:\/\/visitrydal.com\/wp-content\/uploads\/2024\/05\/produkter-collage-Wistas-300x300.jpg 300w, https:\/\/visitrydal.com\/wp-content\/uploads\/2024\/05\/produkter-collage-Wistas-150x150.jpg 150w, https:\/\/visitrydal.com\/wp-content\/uploads\/2024\/05\/produkter-collage-Wistas-768x768.jpg 768w, https:\/\/visitrydal.com\/wp-content\/uploads\/2024\/05\/produkter-collage-Wistas-1536x1536.jpg 1536w, https:\/\/visitrydal.com\/wp-content\/uploads\/2024\/05\/produkter-collage-Wistas-12x12.jpg 12w, https:\/\/visitrydal.com\/wp-content\/uploads\/2024\/05\/produkter-collage-Wistas-60x60.jpg 60w, https:\/\/visitrydal.com\/wp-content\/uploads\/2024\/05\/produkter-collage-Wistas-40x40.jpg 40w, https:\/\/visitrydal.com\/wp-content\/uploads\/2024\/05\/produkter-collage-Wistas-80x80.jpg 80w, https:\/\/visitrydal.com\/wp-content\/uploads\/2024\/05\/produkter-collage-Wistas-20x20.jpg 20w, https:\/\/visitrydal.com\/wp-content\/uploads\/2024\/05\/produkter-collage-Wistas-128x128.jpg 128w, https:\/\/visitrydal.com\/wp-content\/uploads\/2024\/05\/produkter-collage-Wistas-73x73.jpg 73w, https:\/\/visitrydal.com\/wp-content\/uploads\/2024\/05\/produkter-collage-Wistas-130x130.jpg 130w, https:\/\/visitrydal.com\/wp-content\/uploads\/2024\/05\/produkter-collage-Wistas-600x600.jpg 600w, https:\/\/visitrydal.com\/wp-content\/uploads\/2024\/05\/produkter-collage-Wistas-400x400.jpg 400w, https:\/\/visitrydal.com\/wp-content\/uploads\/2024\/05\/produkter-collage-Wistas.jpg 2048w\" sizes=\"(max-width: 1024px) 100vw, 1024px\" \/>\t\t\t\t\t\t\t\t\t\t\t\t\t\t\t<\/div>\n\t\t\t\t<\/div>\n\t\t\t\t<div class=\"elementor-element elementor-element-6065423 elementor-widget elementor-widget-image\" data-id=\"6065423\" data-element_type=\"widget\" data-widget_type=\"image.default\">\n\t\t\t\t<div class=\"elementor-widget-container\">\n\t\t\t\t\t\t\t\t\t\t\t\t\t\t\t<img loading=\"lazy\" decoding=\"async\" width=\"576\" height=\"1024\" src=\"https:\/\/visitrydal.com\/wp-content\/uploads\/2024\/05\/Wistas-Rydal-576x1024.jpg\" class=\"attachment-large size-large wp-image-7595\" alt=\"\" srcset=\"https:\/\/visitrydal.com\/wp-content\/uploads\/2024\/05\/Wistas-Rydal-576x1024.jpg 576w, https:\/\/visitrydal.com\/wp-content\/uploads\/2024\/05\/Wistas-Rydal-169x300.jpg 169w, https:\/\/visitrydal.com\/wp-content\/uploads\/2024\/05\/Wistas-Rydal-768x1365.jpg 768w, https:\/\/visitrydal.com\/wp-content\/uploads\/2024\/05\/Wistas-Rydal-864x1536.jpg 864w, https:\/\/visitrydal.com\/wp-content\/uploads\/2024\/05\/Wistas-Rydal-7x12.jpg 7w, https:\/\/visitrydal.com\/wp-content\/uploads\/2024\/05\/Wistas-Rydal-225x400.jpg 225w, https:\/\/visitrydal.com\/wp-content\/uploads\/2024\/05\/Wistas-Rydal.jpg 1152w\" sizes=\"(max-width: 576px) 100vw, 576px\" \/>\t\t\t\t\t\t\t\t\t\t\t\t\t\t\t<\/div>\n\t\t\t\t<\/div>\n\t\t\t\t\t<\/div>\n\t\t<\/div>\n\t\t\t\t<div class=\"elementor-column elementor-col-50 elementor-top-column elementor-element elementor-element-ab9840b\" data-id=\"ab9840b\" data-element_type=\"column\">\n\t\t\t<div class=\"elementor-widget-wrap elementor-element-populated\">\n\t\t\t\t\t\t<div class=\"elementor-element elementor-element-e0ff125 elementor-widget elementor-widget-heading\" data-id=\"e0ff125\" data-element_type=\"widget\" data-widget_type=\"heading.default\">\n\t\t\t\t<div class=\"elementor-widget-container\">\n\t\t\t\t\t<h4 class=\"elementor-heading-title elementor-size-default\">Wistas<\/h4>\t\t\t\t<\/div>\n\t\t\t\t<\/div>\n\t\t\t\t<div class=\"elementor-element elementor-element-1c6412a elementor-widget elementor-widget-text-editor\" data-id=\"1c6412a\" data-element_type=\"widget\" data-widget_type=\"text-editor.default\">\n\t\t\t\t<div class=\"elementor-widget-container\">\n\t\t\t\t\t\t\t\t\t<p>At Wistas, we think it's important that the animals that give us the wool are doing well. That's why our yarns and cardigans only contain wool from the farm's own animals - we don't buy in any fibres. We make our own knitting packages with yarn spun from our fine Angora rabbits mixed with the fine-fibre wool from J\u00e4mtland sheep.  Our ryatacks are involved and contribute to warm strong ryangora yarn for durable socks. We also took and made carded fleeces in a mixture of J\u00e4mtland and Angora wool. First class wool for spinning and second class for felting. Wistas is also a dealer of our nearest spinning coat manufacturer, Kromski, and to Rydal we bring spinning coats, cards and the like. We will bring wool so that visitors can try out both spinning robes, slivers and cards<\/p><p>Wistas is run by Ingela and Per Hedlund from V\u00e4sterlanda. You can contact us on tel: 0703-49 63 32 or email;\u00a0<a href=\"mailto:ingela@hedlundmail.se\">ingela@hedlundmail.se<\/a><\/p><p>On\u00a0<a href=\"http:\/\/www.wistas.se\/\" data-saferedirecturl=\"https:\/\/www.google.com\/url?q=http:\/\/www.wistas.se&amp;source=gmail&amp;ust=1750781610290000&amp;usg=AOvVaw2gDvn0qq2AVrNwEug47BCQ\">www.wistas.se<\/a>\u00a0you will find our online shop<\/p><p><a href=\"https:\/\/instagram.com\/wistas.se\" data-saferedirecturl=\"https:\/\/www.google.com\/url?q=https:\/\/instagram.com\/wistas.se&amp;source=gmail&amp;ust=1750781610290000&amp;usg=AOvVaw2tWidILWr4feVFrzD7HBf6\">https:\/\/instagram.com\/wistas.se<\/a><\/p><p><a href=\"https:\/\/facebook.com\/wistas.se\" data-saferedirecturl=\"https:\/\/www.google.com\/url?q=https:\/\/facebook.com\/wistas.se&amp;source=gmail&amp;ust=1750781610290000&amp;usg=AOvVaw1WSstYziggGhn5gIPLclyw\">https:\/\/facebook.com\/wistas.se<\/a><\/p>\t\t\t\t\t\t\t\t<\/div>\n\t\t\t\t<\/div>\n\t\t\t\t\t<\/div>\n\t\t<\/div>\n\t\t\t\t\t<\/div>\n\t\t<\/section>\n\t\t<div class=\"elementor-element elementor-element-59c40e4 e-flex e-con-boxed e-con e-parent\" data-id=\"59c40e4\" data-element_type=\"container\">\n\t\t\t\t\t<div class=\"e-con-inner\">\n\t\t\t\t<div class=\"elementor-element elementor-element-4d96cb8 elementor-widget-divider--view-line elementor-widget elementor-widget-divider\" data-id=\"4d96cb8\" data-element_type=\"widget\" data-widget_type=\"divider.default\">\n\t\t\t\t<div class=\"elementor-widget-container\">\n\t\t\t\t\t\t\t<div class=\"elementor-divider\">\n\t\t\t<span class=\"elementor-divider-separator\">\n\t\t\t\t\t\t<\/span>\n\t\t<\/div>\n\t\t\t\t\t\t<\/div>\n\t\t\t\t<\/div>\n\t\t\t\t\t<\/div>\n\t\t\t\t<\/div>\n\t\t\t\t<section class=\"elementor-section elementor-top-section elementor-element elementor-element-93dc698 elementor-section-full_width elementor-section-height-default elementor-section-height-default\" data-id=\"93dc698\" data-element_type=\"section\">\n\t\t\t\t\t\t<div class=\"elementor-container elementor-column-gap-default\">\n\t\t\t\t\t<div class=\"elementor-column elementor-col-50 elementor-top-column elementor-element elementor-element-0645006\" data-id=\"0645006\" data-element_type=\"column\">\n\t\t\t<div class=\"elementor-widget-wrap elementor-element-populated\">\n\t\t\t\t\t\t<div class=\"elementor-element elementor-element-2135496 elementor-widget elementor-widget-image\" data-id=\"2135496\" data-element_type=\"widget\" data-widget_type=\"image.default\">\n\t\t\t\t<div class=\"elementor-widget-container\">\n\t\t\t\t\t\t\t\t\t\t\t\t\t\t\t<img loading=\"lazy\" decoding=\"async\" width=\"531\" height=\"544\" src=\"https:\/\/visitrydal.com\/wp-content\/uploads\/2024\/05\/Birgit-Senf.jpg\" class=\"attachment-large size-large wp-image-6057\" alt=\"\" srcset=\"https:\/\/visitrydal.com\/wp-content\/uploads\/2024\/05\/Birgit-Senf.jpg 531w, https:\/\/visitrydal.com\/wp-content\/uploads\/2024\/05\/Birgit-Senf-293x300.jpg 293w, https:\/\/visitrydal.com\/wp-content\/uploads\/2024\/05\/Birgit-Senf-12x12.jpg 12w, https:\/\/visitrydal.com\/wp-content\/uploads\/2024\/05\/Birgit-Senf-60x60.jpg 60w, https:\/\/visitrydal.com\/wp-content\/uploads\/2024\/05\/Birgit-Senf-40x40.jpg 40w, https:\/\/visitrydal.com\/wp-content\/uploads\/2024\/05\/Birgit-Senf-20x20.jpg 20w, https:\/\/visitrydal.com\/wp-content\/uploads\/2024\/05\/Birgit-Senf-390x400.jpg 390w\" sizes=\"(max-width: 531px) 100vw, 531px\" \/>\t\t\t\t\t\t\t\t\t\t\t\t\t\t\t<\/div>\n\t\t\t\t<\/div>\n\t\t\t\t<div class=\"elementor-element elementor-element-74f1281 elementor-widget elementor-widget-image\" data-id=\"74f1281\" data-element_type=\"widget\" data-widget_type=\"image.default\">\n\t\t\t\t<div class=\"elementor-widget-container\">\n\t\t\t\t\t\t\t\t\t\t\t\t\t\t\t<img loading=\"lazy\" decoding=\"async\" width=\"474\" height=\"1024\" src=\"https:\/\/visitrydal.com\/wp-content\/uploads\/2025\/03\/Bild-2-Birgit-474x1024.jpg\" class=\"attachment-large size-large wp-image-7894\" alt=\"\" srcset=\"https:\/\/visitrydal.com\/wp-content\/uploads\/2025\/03\/Bild-2-Birgit-474x1024.jpg 474w, https:\/\/visitrydal.com\/wp-content\/uploads\/2025\/03\/Bild-2-Birgit-139x300.jpg 139w, https:\/\/visitrydal.com\/wp-content\/uploads\/2025\/03\/Bild-2-Birgit-768x1661.jpg 768w, https:\/\/visitrydal.com\/wp-content\/uploads\/2025\/03\/Bild-2-Birgit-710x1536.jpg 710w, https:\/\/visitrydal.com\/wp-content\/uploads\/2025\/03\/Bild-2-Birgit-6x12.jpg 6w, https:\/\/visitrydal.com\/wp-content\/uploads\/2025\/03\/Bild-2-Birgit-185x400.jpg 185w, https:\/\/visitrydal.com\/wp-content\/uploads\/2025\/03\/Bild-2-Birgit.jpg 862w\" sizes=\"(max-width: 474px) 100vw, 474px\" \/>\t\t\t\t\t\t\t\t\t\t\t\t\t\t\t<\/div>\n\t\t\t\t<\/div>\n\t\t\t\t\t<\/div>\n\t\t<\/div>\n\t\t\t\t<div class=\"elementor-column elementor-col-50 elementor-top-column elementor-element elementor-element-e3ce078\" data-id=\"e3ce078\" data-element_type=\"column\">\n\t\t\t<div class=\"elementor-widget-wrap elementor-element-populated\">\n\t\t\t\t\t\t<div class=\"elementor-element elementor-element-7a4ff17 elementor-widget elementor-widget-heading\" data-id=\"7a4ff17\" data-element_type=\"widget\" data-widget_type=\"heading.default\">\n\t\t\t\t<div class=\"elementor-widget-container\">\n\t\t\t\t\t<h4 class=\"elementor-heading-title elementor-size-default\">The beach flea in the forest<\/h4>\t\t\t\t<\/div>\n\t\t\t\t<\/div>\n\t\t\t\t<div class=\"elementor-element elementor-element-a49c0e7 elementor-widget elementor-widget-text-editor\" data-id=\"a49c0e7\" data-element_type=\"widget\" data-widget_type=\"text-editor.default\">\n\t\t\t\t<div class=\"elementor-widget-container\">\n\t\t\t\t\t\t\t\t\t<p>Birgit Senf<\/p><p>Textile figures<\/p><p>My crafts are knitted figures in the form of knitting shoes, angels, garden girls\/boys, elves, bus boys, dogs, etc.<\/p><p>I design and manufacture the figures and associated furniture in plywood myself with great pleasure and I am keen on details and expression.<\/p><p>Me and my figures participate in a few markets during the year as well as the Art and Crafts round in Mark.<\/p><p>Contact by email to:<br \/>birgitsenf@hotmail.com<br \/>SMS 0701-422232<br \/>Instagram:\u00a0<a href=\"https:\/\/www.instagram.com\/strandloppaniskogen\/\" target=\"_blank\" rel=\"noopener\">@strandloppaniskogen<\/a>\u00a0<\/p>\t\t\t\t\t\t\t\t<\/div>\n\t\t\t\t<\/div>\n\t\t\t\t\t<\/div>\n\t\t<\/div>\n\t\t\t\t\t<\/div>\n\t\t<\/section>\n\t\t\t\t<section class=\"elementor-section elementor-top-section elementor-element elementor-element-a05d1be elementor-section-boxed elementor-section-height-default elementor-section-height-default\" data-id=\"a05d1be\" data-element_type=\"section\">\n\t\t\t\t\t\t<div class=\"elementor-container elementor-column-gap-default\">\n\t\t\t\t\t<div class=\"elementor-column elementor-col-100 elementor-top-column elementor-element elementor-element-479c2e8\" data-id=\"479c2e8\" data-element_type=\"column\">\n\t\t\t<div class=\"elementor-widget-wrap elementor-element-populated\">\n\t\t\t\t\t\t<div class=\"elementor-element elementor-element-643ab30 elementor-widget-divider--view-line elementor-widget elementor-widget-divider\" data-id=\"643ab30\" data-element_type=\"widget\" data-widget_type=\"divider.default\">\n\t\t\t\t<div class=\"elementor-widget-container\">\n\t\t\t\t\t\t\t<div class=\"elementor-divider\">\n\t\t\t<span class=\"elementor-divider-separator\">\n\t\t\t\t\t\t<\/span>\n\t\t<\/div>\n\t\t\t\t\t\t<\/div>\n\t\t\t\t<\/div>\n\t\t\t\t\t<\/div>\n\t\t<\/div>\n\t\t\t\t\t<\/div>\n\t\t<\/section>\n\t\t\t\t<section class=\"elementor-section elementor-top-section elementor-element elementor-element-8da1864 elementor-section-full_width elementor-section-height-default elementor-section-height-default\" data-id=\"8da1864\" data-element_type=\"section\">\n\t\t\t\t\t\t<div class=\"elementor-container elementor-column-gap-default\">\n\t\t\t\t\t<div class=\"elementor-column elementor-col-50 elementor-top-column elementor-element elementor-element-fdc1a15\" data-id=\"fdc1a15\" data-element_type=\"column\">\n\t\t\t<div class=\"elementor-widget-wrap elementor-element-populated\">\n\t\t\t\t\t\t<div class=\"elementor-element elementor-element-1717940 elementor-widget elementor-widget-image\" data-id=\"1717940\" data-element_type=\"widget\" data-widget_type=\"image.default\">\n\t\t\t\t<div class=\"elementor-widget-container\">\n\t\t\t\t\t\t\t\t\t\t\t\t\t\t\t<img loading=\"lazy\" decoding=\"async\" width=\"400\" height=\"75\" src=\"https:\/\/visitrydal.com\/wp-content\/uploads\/2025\/03\/0002032_logo-garnhuset-2.png\" class=\"attachment-large size-large wp-image-7622\" alt=\"\" srcset=\"https:\/\/visitrydal.com\/wp-content\/uploads\/2025\/03\/0002032_logo-garnhuset-2.png 400w, https:\/\/visitrydal.com\/wp-content\/uploads\/2025\/03\/0002032_logo-garnhuset-2-300x56.png 300w, https:\/\/visitrydal.com\/wp-content\/uploads\/2025\/03\/0002032_logo-garnhuset-2-18x3.png 18w\" sizes=\"(max-width: 400px) 100vw, 400px\" \/>\t\t\t\t\t\t\t\t\t\t\t\t\t\t\t<\/div>\n\t\t\t\t<\/div>\n\t\t\t\t<div class=\"elementor-element elementor-element-a09e308 elementor-widget elementor-widget-image\" data-id=\"a09e308\" data-element_type=\"widget\" data-widget_type=\"image.default\">\n\t\t\t\t<div class=\"elementor-widget-container\">\n\t\t\t\t\t\t\t\t\t\t\t\t\t\t\t<img loading=\"lazy\" decoding=\"async\" width=\"752\" height=\"1024\" src=\"https:\/\/visitrydal.com\/wp-content\/uploads\/2025\/03\/garnhuset-garn-752x1024.jpg\" class=\"attachment-large size-large wp-image-7624\" alt=\"\" srcset=\"https:\/\/visitrydal.com\/wp-content\/uploads\/2025\/03\/garnhuset-garn-752x1024.jpg 752w, https:\/\/visitrydal.com\/wp-content\/uploads\/2025\/03\/garnhuset-garn-220x300.jpg 220w, https:\/\/visitrydal.com\/wp-content\/uploads\/2025\/03\/garnhuset-garn-768x1045.jpg 768w, https:\/\/visitrydal.com\/wp-content\/uploads\/2025\/03\/garnhuset-garn-1129x1536.jpg 1129w, https:\/\/visitrydal.com\/wp-content\/uploads\/2025\/03\/garnhuset-garn-1505x2048.jpg 1505w, https:\/\/visitrydal.com\/wp-content\/uploads\/2025\/03\/garnhuset-garn-9x12.jpg 9w, https:\/\/visitrydal.com\/wp-content\/uploads\/2025\/03\/garnhuset-garn-294x400.jpg 294w, https:\/\/visitrydal.com\/wp-content\/uploads\/2025\/03\/garnhuset-garn-scaled.jpg 1881w\" sizes=\"(max-width: 752px) 100vw, 752px\" \/>\t\t\t\t\t\t\t\t\t\t\t\t\t\t\t<\/div>\n\t\t\t\t<\/div>\n\t\t\t\t\t<\/div>\n\t\t<\/div>\n\t\t\t\t<div class=\"elementor-column elementor-col-50 elementor-top-column elementor-element elementor-element-882a8bb\" data-id=\"882a8bb\" data-element_type=\"column\">\n\t\t\t<div class=\"elementor-widget-wrap elementor-element-populated\">\n\t\t\t\t\t\t<div class=\"elementor-element elementor-element-dc54902 elementor-widget elementor-widget-heading\" data-id=\"dc54902\" data-element_type=\"widget\" data-widget_type=\"heading.default\">\n\t\t\t\t<div class=\"elementor-widget-container\">\n\t\t\t\t\t<h4 class=\"elementor-heading-title elementor-size-default\">The yarn house in Kinna<\/h4>\t\t\t\t<\/div>\n\t\t\t\t<\/div>\n\t\t\t\t<div class=\"elementor-element elementor-element-8b5f8fb elementor-widget elementor-widget-text-editor\" data-id=\"8b5f8fb\" data-element_type=\"widget\" data-widget_type=\"text-editor.default\">\n\t\t\t\t<div class=\"elementor-widget-container\">\n\t\t\t\t\t\t\t\t\t<p>To Rydal we bring a hand-picked selection from our<br \/>range - from weaving yarns, knitting yarns and crochet yarns to tufting yarns.<\/p><p>This weekend, we're putting an extra focus on knitted and crocheted accessories, offering kits with everything you need to make your own mittens or socks.\u00a0<\/p><p>If you want to get started on your project right away, we're here for you<br \/>to help you.<\/p><p>Homepage:\u00a0<a href=\"http:\/\/www.garnhusetkinna.se\/\" target=\"_blank\" rel=\"noopener noreferrer\" data-saferedirecturl=\"https:\/\/www.google.com\/url?q=http:\/\/www.garnhusetkinna.se&amp;source=gmail&amp;ust=1751545845265000&amp;usg=AOvVaw0oirFhSn6lvaHknnnPRW1L\">www.garnhusetkinna.se<\/a><br \/>Instagram: <a href=\"https:\/\/www.instagram.com\/garnhuset_kinna\/\" target=\"_blank\" rel=\"noopener\">@garnhuset_kinna<\/a><\/p>\t\t\t\t\t\t\t\t<\/div>\n\t\t\t\t<\/div>\n\t\t\t\t\t<\/div>\n\t\t<\/div>\n\t\t\t\t\t<\/div>\n\t\t<\/section>\n\t\t<div class=\"elementor-element elementor-element-f66386f e-flex e-con-boxed e-con e-parent\" data-id=\"f66386f\" data-element_type=\"container\">\n\t\t\t\t\t<div class=\"e-con-inner\">\n\t\t\t\t<div class=\"elementor-element elementor-element-1e60d11 elementor-widget-divider--view-line elementor-widget elementor-widget-divider\" data-id=\"1e60d11\" data-element_type=\"widget\" data-widget_type=\"divider.default\">\n\t\t\t\t<div class=\"elementor-widget-container\">\n\t\t\t\t\t\t\t<div class=\"elementor-divider\">\n\t\t\t<span class=\"elementor-divider-separator\">\n\t\t\t\t\t\t<\/span>\n\t\t<\/div>\n\t\t\t\t\t\t<\/div>\n\t\t\t\t<\/div>\n\t\t\t\t\t<\/div>\n\t\t\t\t<\/div>\n\t\t\t\t<section class=\"elementor-section elementor-top-section elementor-element elementor-element-51597b8 elementor-section-full_width elementor-section-height-default elementor-section-height-default\" data-id=\"51597b8\" data-element_type=\"section\">\n\t\t\t\t\t\t<div class=\"elementor-container elementor-column-gap-default\">\n\t\t\t\t\t<div class=\"elementor-column elementor-col-50 elementor-top-column elementor-element elementor-element-6e1677d\" data-id=\"6e1677d\" data-element_type=\"column\">\n\t\t\t<div class=\"elementor-widget-wrap elementor-element-populated\">\n\t\t\t\t\t\t<div class=\"elementor-element elementor-element-afbd36b elementor-widget elementor-widget-image\" data-id=\"afbd36b\" data-element_type=\"widget\" data-widget_type=\"image.default\">\n\t\t\t\t<div class=\"elementor-widget-container\">\n\t\t\t\t\t\t\t\t\t\t\t\t\t\t\t<img loading=\"lazy\" decoding=\"async\" width=\"750\" height=\"745\" src=\"https:\/\/visitrydal.com\/wp-content\/uploads\/2024\/05\/Textileri-bild.jpeg\" class=\"attachment-large size-large wp-image-6083\" alt=\"\" srcset=\"https:\/\/visitrydal.com\/wp-content\/uploads\/2024\/05\/Textileri-bild.jpeg 750w, https:\/\/visitrydal.com\/wp-content\/uploads\/2024\/05\/Textileri-bild-300x298.jpeg 300w, https:\/\/visitrydal.com\/wp-content\/uploads\/2024\/05\/Textileri-bild-150x150.jpeg 150w, https:\/\/visitrydal.com\/wp-content\/uploads\/2024\/05\/Textileri-bild-12x12.jpeg 12w, https:\/\/visitrydal.com\/wp-content\/uploads\/2024\/05\/Textileri-bild-60x60.jpeg 60w, https:\/\/visitrydal.com\/wp-content\/uploads\/2024\/05\/Textileri-bild-40x40.jpeg 40w, https:\/\/visitrydal.com\/wp-content\/uploads\/2024\/05\/Textileri-bild-80x80.jpeg 80w, https:\/\/visitrydal.com\/wp-content\/uploads\/2024\/05\/Textileri-bild-20x20.jpeg 20w, https:\/\/visitrydal.com\/wp-content\/uploads\/2024\/05\/Textileri-bild-128x128.jpeg 128w, https:\/\/visitrydal.com\/wp-content\/uploads\/2024\/05\/Textileri-bild-73x73.jpeg 73w, https:\/\/visitrydal.com\/wp-content\/uploads\/2024\/05\/Textileri-bild-130x130.jpeg 130w, https:\/\/visitrydal.com\/wp-content\/uploads\/2024\/05\/Textileri-bild-403x400.jpeg 403w\" sizes=\"(max-width: 750px) 100vw, 750px\" \/>\t\t\t\t\t\t\t\t\t\t\t\t\t\t\t<\/div>\n\t\t\t\t<\/div>\n\t\t\t\t<div class=\"elementor-element elementor-element-f376847 elementor-widget elementor-widget-spacer\" data-id=\"f376847\" data-element_type=\"widget\" data-widget_type=\"spacer.default\">\n\t\t\t\t<div class=\"elementor-widget-container\">\n\t\t\t\t\t\t\t<div class=\"elementor-spacer\">\n\t\t\t<div class=\"elementor-spacer-inner\"><\/div>\n\t\t<\/div>\n\t\t\t\t\t\t<\/div>\n\t\t\t\t<\/div>\n\t\t\t\t\t<\/div>\n\t\t<\/div>\n\t\t\t\t<div class=\"elementor-column elementor-col-50 elementor-top-column elementor-element elementor-element-96b91ea\" data-id=\"96b91ea\" data-element_type=\"column\">\n\t\t\t<div class=\"elementor-widget-wrap elementor-element-populated\">\n\t\t\t\t\t\t<div class=\"elementor-element elementor-element-c84ad3e elementor-widget elementor-widget-heading\" data-id=\"c84ad3e\" data-element_type=\"widget\" data-widget_type=\"heading.default\">\n\t\t\t\t<div class=\"elementor-widget-container\">\n\t\t\t\t\t<h4 class=\"elementor-heading-title elementor-size-default\">TEXTILES Eva Danielsson<\/h4>\t\t\t\t<\/div>\n\t\t\t\t<\/div>\n\t\t\t\t<div class=\"elementor-element elementor-element-b8df21c elementor-widget elementor-widget-text-editor\" data-id=\"b8df21c\" data-element_type=\"widget\" data-widget_type=\"text-editor.default\">\n\t\t\t\t<div class=\"elementor-widget-container\">\n\t\t\t\t\t\t\t\t\t<p>Fascinated by color tones\u2026 shades\u2026 color combinations\u2026 I use, and sell, Earth Palette COOL COLOR for wool and other protein fibers. It is easy to dye, durable and gentle - the wool retains softness and shine. I also sell 10 varieties of felting needles, colored wool and yarn, felt etc.<\/p><p>Phone: 0701 43 89 88<br \/><a href=\"https:\/\/www.textileri.se\/\" target=\"_blank\" rel=\"noopener\">www.textileri.se<\/a>\u00a0<br \/>Instagram:\u00a0<a href=\"https:\/\/www.instagram.com\/textileri.se\/\" target=\"_blank\" rel=\"noopener\">@textileri.se<\/a><br \/>Swish: 1234 87 97 89<br \/>E-mail: eva@textileri.se<\/p>\t\t\t\t\t\t\t\t<\/div>\n\t\t\t\t<\/div>\n\t\t\t\t\t<\/div>\n\t\t<\/div>\n\t\t\t\t\t<\/div>\n\t\t<\/section>\n\t\t<div class=\"elementor-element elementor-element-81e2e6b e-flex e-con-boxed e-con e-parent\" data-id=\"81e2e6b\" data-element_type=\"container\">\n\t\t\t\t\t<div class=\"e-con-inner\">\n\t\t\t\t<div class=\"elementor-element elementor-element-8b3a041 elementor-widget-divider--view-line elementor-widget elementor-widget-divider\" data-id=\"8b3a041\" data-element_type=\"widget\" data-widget_type=\"divider.default\">\n\t\t\t\t<div class=\"elementor-widget-container\">\n\t\t\t\t\t\t\t<div class=\"elementor-divider\">\n\t\t\t<span class=\"elementor-divider-separator\">\n\t\t\t\t\t\t<\/span>\n\t\t<\/div>\n\t\t\t\t\t\t<\/div>\n\t\t\t\t<\/div>\n\t\t\t\t\t<\/div>\n\t\t\t\t<\/div>\n\t\t\t\t<section class=\"elementor-section elementor-top-section elementor-element elementor-element-ec451b2 elementor-section-full_width elementor-section-height-default elementor-section-height-default\" data-id=\"ec451b2\" data-element_type=\"section\">\n\t\t\t\t\t\t<div class=\"elementor-container elementor-column-gap-default\">\n\t\t\t\t\t<div class=\"elementor-column elementor-col-50 elementor-top-column elementor-element elementor-element-a4de900\" data-id=\"a4de900\" data-element_type=\"column\">\n\t\t\t<div class=\"elementor-widget-wrap elementor-element-populated\">\n\t\t\t\t\t\t<div class=\"elementor-element elementor-element-39864be elementor-widget elementor-widget-image\" data-id=\"39864be\" data-element_type=\"widget\" data-widget_type=\"image.default\">\n\t\t\t\t<div class=\"elementor-widget-container\">\n\t\t\t\t\t\t\t\t\t\t\t\t\t\t\t<img loading=\"lazy\" decoding=\"async\" width=\"640\" height=\"960\" src=\"https:\/\/visitrydal.com\/wp-content\/uploads\/2025\/03\/Amanda-virkar.jpg\" class=\"attachment-large size-large wp-image-7499\" alt=\"\" srcset=\"https:\/\/visitrydal.com\/wp-content\/uploads\/2025\/03\/Amanda-virkar.jpg 640w, https:\/\/visitrydal.com\/wp-content\/uploads\/2025\/03\/Amanda-virkar-200x300.jpg 200w, https:\/\/visitrydal.com\/wp-content\/uploads\/2025\/03\/Amanda-virkar-8x12.jpg 8w, https:\/\/visitrydal.com\/wp-content\/uploads\/2025\/03\/Amanda-virkar-267x400.jpg 267w\" sizes=\"(max-width: 640px) 100vw, 640px\" \/>\t\t\t\t\t\t\t\t\t\t\t\t\t\t\t<\/div>\n\t\t\t\t<\/div>\n\t\t\t\t<div class=\"elementor-element elementor-element-d295d3f elementor-widget elementor-widget-image\" data-id=\"d295d3f\" data-element_type=\"widget\" data-widget_type=\"image.default\">\n\t\t\t\t<div class=\"elementor-widget-container\">\n\t\t\t\t\t\t\t\t\t\t\t\t\t\t\t<img loading=\"lazy\" decoding=\"async\" width=\"960\" height=\"640\" src=\"https:\/\/visitrydal.com\/wp-content\/uploads\/2025\/03\/Amanda-garn.jpg\" class=\"attachment-large size-large wp-image-7500\" alt=\"\" srcset=\"https:\/\/visitrydal.com\/wp-content\/uploads\/2025\/03\/Amanda-garn.jpg 960w, https:\/\/visitrydal.com\/wp-content\/uploads\/2025\/03\/Amanda-garn-300x200.jpg 300w, https:\/\/visitrydal.com\/wp-content\/uploads\/2025\/03\/Amanda-garn-768x512.jpg 768w, https:\/\/visitrydal.com\/wp-content\/uploads\/2025\/03\/Amanda-garn-18x12.jpg 18w, https:\/\/visitrydal.com\/wp-content\/uploads\/2025\/03\/Amanda-garn-600x400.jpg 600w\" sizes=\"(max-width: 960px) 100vw, 960px\" \/>\t\t\t\t\t\t\t\t\t\t\t\t\t\t\t<\/div>\n\t\t\t\t<\/div>\n\t\t\t\t\t<\/div>\n\t\t<\/div>\n\t\t\t\t<div class=\"elementor-column elementor-col-50 elementor-top-column elementor-element elementor-element-86a756f\" data-id=\"86a756f\" data-element_type=\"column\">\n\t\t\t<div class=\"elementor-widget-wrap elementor-element-populated\">\n\t\t\t\t\t\t<div class=\"elementor-element elementor-element-41e7fff elementor-widget elementor-widget-heading\" data-id=\"41e7fff\" data-element_type=\"widget\" data-widget_type=\"heading.default\">\n\t\t\t\t<div class=\"elementor-widget-container\">\n\t\t\t\t\t<h4 class=\"elementor-heading-title elementor-size-default\">Amanda Ljunggren<\/h4>\t\t\t\t<\/div>\n\t\t\t\t<\/div>\n\t\t\t\t<div class=\"elementor-element elementor-element-b017e6e elementor-widget elementor-widget-text-editor\" data-id=\"b017e6e\" data-element_type=\"widget\" data-widget_type=\"text-editor.default\">\n\t\t\t\t<div class=\"elementor-widget-container\">\n\t\t\t\t\t\t\t\t\t<p>Textile artist specialising in crochet. Amanda Ljunggren launched her first collection of crocheted clothes in Vogue in 2021 and is now current with the book 'Crochet Big' (Natur&amp;Kultur) The book contains descriptions of 16 crochet projects with a coarse crochet hook and thick yarn that are suitable for both solid crocheters and beginners.<br \/>You'll find books, crochet hooks and yarns - including wonderfully soft merino wool in bright colours.<\/p><p>Link to website, social media where you can share my work.                                              Instagram:<a href=\"https:\/\/www.instagram.com\/amanda_ljunggren\/\" target=\"_blank\" rel=\"noopener\">@amanda_ljunggren<\/a>\u00a0 \u00a0 \u00a0 \u00a0 \u00a0 \u00a0 \u00a0 \u00a0 \u00a0 \u00a0 \u00a0 \u00a0 \u00a0 \u00a0 Website:\u00a0<a href=\"https:\/\/amandaljunggren.com\/\" target=\"_blank\" rel=\"noopener\">www.amandaljunggren.com<\/a><\/p><p align=\"LEFT\"><span style=\"color: #242424;\"><span style=\"font-family: arial, sans-serif;\"><span style=\"font-size: small;\">E-mail:\u00a0<\/span><\/span><\/span><a style=\"background-color: #ffffff;\" href=\"mailto:studio@amandaljunggren.com\" target=\"_blank\" rel=\"noopener\"><span style=\"color: #1155cc;\"><span style=\"font-family: arial, sans-serif;\"><span style=\"font-size: small;\">studio@amandaljunggren.com<\/span><\/span><\/span><\/a><\/p>\t\t\t\t\t\t\t\t<\/div>\n\t\t\t\t<\/div>\n\t\t\t\t\t<\/div>\n\t\t<\/div>\n\t\t\t\t\t<\/div>\n\t\t<\/section>\n\t\t\t\t<section class=\"elementor-section elementor-top-section elementor-element elementor-element-087e5bd elementor-section-boxed elementor-section-height-default elementor-section-height-default\" data-id=\"087e5bd\" data-element_type=\"section\">\n\t\t\t\t\t\t<div class=\"elementor-container elementor-column-gap-default\">\n\t\t\t\t\t<div class=\"elementor-column elementor-col-100 elementor-top-column elementor-element elementor-element-9e752a7\" data-id=\"9e752a7\" data-element_type=\"column\">\n\t\t\t<div class=\"elementor-widget-wrap elementor-element-populated\">\n\t\t\t\t\t\t<div class=\"elementor-element elementor-element-b866385 elementor-widget-divider--view-line elementor-widget elementor-widget-divider\" data-id=\"b866385\" data-element_type=\"widget\" data-widget_type=\"divider.default\">\n\t\t\t\t<div class=\"elementor-widget-container\">\n\t\t\t\t\t\t\t<div class=\"elementor-divider\">\n\t\t\t<span class=\"elementor-divider-separator\">\n\t\t\t\t\t\t<\/span>\n\t\t<\/div>\n\t\t\t\t\t\t<\/div>\n\t\t\t\t<\/div>\n\t\t\t\t\t<\/div>\n\t\t<\/div>\n\t\t\t\t\t<\/div>\n\t\t<\/section>\n\t\t\t\t<section class=\"elementor-section elementor-top-section elementor-element elementor-element-6cf8275 elementor-section-full_width elementor-section-height-default elementor-section-height-default\" data-id=\"6cf8275\" data-element_type=\"section\">\n\t\t\t\t\t\t<div class=\"elementor-container elementor-column-gap-default\">\n\t\t\t\t\t<div class=\"elementor-column elementor-col-50 elementor-top-column elementor-element elementor-element-6e63f66\" data-id=\"6e63f66\" data-element_type=\"column\">\n\t\t\t<div class=\"elementor-widget-wrap elementor-element-populated\">\n\t\t\t\t\t\t<div class=\"elementor-element elementor-element-f57531e elementor-widget elementor-widget-image\" data-id=\"f57531e\" data-element_type=\"widget\" data-widget_type=\"image.default\">\n\t\t\t\t<div class=\"elementor-widget-container\">\n\t\t\t\t\t\t\t\t\t\t\t\t\t\t\t<img loading=\"lazy\" decoding=\"async\" width=\"1024\" height=\"768\" src=\"https:\/\/visitrydal.com\/wp-content\/uploads\/2024\/05\/Hamra-gard-garn-1024x768.jpg\" class=\"attachment-large size-large wp-image-6082\" alt=\"\" srcset=\"https:\/\/visitrydal.com\/wp-content\/uploads\/2024\/05\/Hamra-gard-garn-1024x768.jpg 1024w, https:\/\/visitrydal.com\/wp-content\/uploads\/2024\/05\/Hamra-gard-garn-300x225.jpg 300w, https:\/\/visitrydal.com\/wp-content\/uploads\/2024\/05\/Hamra-gard-garn-768x576.jpg 768w, https:\/\/visitrydal.com\/wp-content\/uploads\/2024\/05\/Hamra-gard-garn-1536x1152.jpg 1536w, https:\/\/visitrydal.com\/wp-content\/uploads\/2024\/05\/Hamra-gard-garn-2048x1536.jpg 2048w, https:\/\/visitrydal.com\/wp-content\/uploads\/2024\/05\/Hamra-gard-garn-16x12.jpg 16w, https:\/\/visitrydal.com\/wp-content\/uploads\/2024\/05\/Hamra-gard-garn-600x450.jpg 600w, https:\/\/visitrydal.com\/wp-content\/uploads\/2024\/05\/Hamra-gard-garn-200x150.jpg 200w, https:\/\/visitrydal.com\/wp-content\/uploads\/2024\/05\/Hamra-gard-garn-533x400.jpg 533w\" sizes=\"(max-width: 1024px) 100vw, 1024px\" \/>\t\t\t\t\t\t\t\t\t\t\t\t\t\t\t<\/div>\n\t\t\t\t<\/div>\n\t\t\t\t\t<\/div>\n\t\t<\/div>\n\t\t\t\t<div class=\"elementor-column elementor-col-50 elementor-top-column elementor-element elementor-element-a4771c7\" data-id=\"a4771c7\" data-element_type=\"column\">\n\t\t\t<div class=\"elementor-widget-wrap elementor-element-populated\">\n\t\t\t\t\t\t<div class=\"elementor-element elementor-element-c8efdf3 elementor-widget elementor-widget-heading\" data-id=\"c8efdf3\" data-element_type=\"widget\" data-widget_type=\"heading.default\">\n\t\t\t\t<div class=\"elementor-widget-container\">\n\t\t\t\t\t<h4 class=\"elementor-heading-title elementor-size-default\">Hamra G\u00e5rd<\/h4>\t\t\t\t<\/div>\n\t\t\t\t<\/div>\n\t\t\t\t<div class=\"elementor-element elementor-element-4a60ce4 elementor-widget elementor-widget-text-editor\" data-id=\"4a60ce4\" data-element_type=\"widget\" data-widget_type=\"text-editor.default\">\n\t\t\t\t<div class=\"elementor-widget-container\">\n\t\t\t\t\t\t\t\t\t<p>Till spinn- och stickfesten s\u00e5 tar vi p\u00e5 HamraG\u00e5rd i \u00c5sa med oss garn fr\u00e5n v\u00e5ra egna ekologiska Ryaf\u00e5r. Garnerna passar bra att sticka eller virka i men funkar \u00e4ven som v\u00e4vgarner. Vi har vita, svarta, och bruna garner, men v\u00e4xtf\u00e4rgar en del sj\u00e4lva hemma p\u00e5 g\u00e5rden till regnb\u00e5gens alla f\u00e4rger. Allt detta och andra produkter fr\u00e5n f\u00e5ren f\u00f6ljer med till marknaden. Hoppas vi ses d\u00e4r!<\/p>\n<p>Hamra G\u00e5rd AB<br>Hamrag\u00e5rdsv\u00e4gen 19, 439 51 \u00c5sa<\/p>\n<p>Camilla Sten e-mail: camilla@hamragard.se<br><a href=\"http:\/\/www.hamragard.se\/\" target=\"_blank\" rel=\"noopener\">www.hamragard.se &nbsp; &nbsp; &nbsp; &nbsp; &nbsp; &nbsp; &nbsp; &nbsp; &nbsp;<\/a>Instagram:<a href=\"https:\/\/www.instagram.com\/hamragard\/\" target=\"_blank\" rel=\"noopener\">@hamragard<\/a><\/p>\t\t\t\t\t\t\t\t<\/div>\n\t\t\t\t<\/div>\n\t\t\t\t\t<\/div>\n\t\t<\/div>\n\t\t\t\t\t<\/div>\n\t\t<\/section>\n\t\t\t\t<section class=\"elementor-section elementor-top-section elementor-element elementor-element-d9f4ffc elementor-section-boxed elementor-section-height-default elementor-section-height-default\" data-id=\"d9f4ffc\" data-element_type=\"section\">\n\t\t\t\t\t\t<div class=\"elementor-container elementor-column-gap-default\">\n\t\t\t\t\t<div class=\"elementor-column elementor-col-100 elementor-top-column elementor-element elementor-element-9afbb91\" data-id=\"9afbb91\" data-element_type=\"column\">\n\t\t\t<div class=\"elementor-widget-wrap elementor-element-populated\">\n\t\t\t\t\t\t<div class=\"elementor-element elementor-element-2199454 elementor-widget-divider--view-line elementor-widget elementor-widget-divider\" data-id=\"2199454\" data-element_type=\"widget\" data-widget_type=\"divider.default\">\n\t\t\t\t<div class=\"elementor-widget-container\">\n\t\t\t\t\t\t\t<div class=\"elementor-divider\">\n\t\t\t<span class=\"elementor-divider-separator\">\n\t\t\t\t\t\t<\/span>\n\t\t<\/div>\n\t\t\t\t\t\t<\/div>\n\t\t\t\t<\/div>\n\t\t\t\t\t<\/div>\n\t\t<\/div>\n\t\t\t\t\t<\/div>\n\t\t<\/section>\n\t\t\t\t<section class=\"elementor-section elementor-top-section elementor-element elementor-element-a0b44c5 elementor-section-full_width elementor-section-height-default elementor-section-height-default\" data-id=\"a0b44c5\" data-element_type=\"section\">\n\t\t\t\t\t\t<div class=\"elementor-container elementor-column-gap-default\">\n\t\t\t\t\t<div class=\"elementor-column elementor-col-50 elementor-top-column elementor-element elementor-element-3b567cb\" data-id=\"3b567cb\" data-element_type=\"column\">\n\t\t\t<div class=\"elementor-widget-wrap elementor-element-populated\">\n\t\t\t\t\t\t<div class=\"elementor-element elementor-element-fd745e4 elementor-widget elementor-widget-image\" data-id=\"fd745e4\" data-element_type=\"widget\" data-widget_type=\"image.default\">\n\t\t\t\t<div class=\"elementor-widget-container\">\n\t\t\t\t\t\t\t\t\t\t\t\t\t\t\t<img loading=\"lazy\" decoding=\"async\" width=\"436\" height=\"320\" src=\"https:\/\/visitrydal.com\/wp-content\/uploads\/2026\/03\/logo-Ullkarusellen.avif\" class=\"attachment-large size-large wp-image-8451\" alt=\"\" srcset=\"https:\/\/visitrydal.com\/wp-content\/uploads\/2026\/03\/logo-Ullkarusellen.avif 436w, https:\/\/visitrydal.com\/wp-content\/uploads\/2026\/03\/logo-Ullkarusellen-300x220.avif 300w, https:\/\/visitrydal.com\/wp-content\/uploads\/2026\/03\/logo-Ullkarusellen-16x12.avif 16w\" sizes=\"(max-width: 436px) 100vw, 436px\" \/>\t\t\t\t\t\t\t\t\t\t\t\t\t\t\t<\/div>\n\t\t\t\t<\/div>\n\t\t\t\t<div class=\"elementor-element elementor-element-07e2fc2 elementor-widget elementor-widget-image\" data-id=\"07e2fc2\" data-element_type=\"widget\" data-widget_type=\"image.default\">\n\t\t\t\t<div class=\"elementor-widget-container\">\n\t\t\t\t\t\t\t\t\t\t\t\t\t\t\t<img loading=\"lazy\" decoding=\"async\" width=\"1024\" height=\"506\" src=\"https:\/\/visitrydal.com\/wp-content\/uploads\/2026\/03\/Ullkarusellen-bild-1024x506.png\" class=\"attachment-large size-large wp-image-8452\" alt=\"\" srcset=\"https:\/\/visitrydal.com\/wp-content\/uploads\/2026\/03\/Ullkarusellen-bild-1024x506.png 1024w, https:\/\/visitrydal.com\/wp-content\/uploads\/2026\/03\/Ullkarusellen-bild-300x148.png 300w, https:\/\/visitrydal.com\/wp-content\/uploads\/2026\/03\/Ullkarusellen-bild-768x379.png 768w, https:\/\/visitrydal.com\/wp-content\/uploads\/2026\/03\/Ullkarusellen-bild-1536x759.png 1536w, https:\/\/visitrydal.com\/wp-content\/uploads\/2026\/03\/Ullkarusellen-bild-18x9.png 18w, https:\/\/visitrydal.com\/wp-content\/uploads\/2026\/03\/Ullkarusellen-bild-810x400.png 810w, https:\/\/visitrydal.com\/wp-content\/uploads\/2026\/03\/Ullkarusellen-bild.png 1946w\" sizes=\"(max-width: 1024px) 100vw, 1024px\" \/>\t\t\t\t\t\t\t\t\t\t\t\t\t\t\t<\/div>\n\t\t\t\t<\/div>\n\t\t\t\t\t<\/div>\n\t\t<\/div>\n\t\t\t\t<div class=\"elementor-column elementor-col-50 elementor-top-column elementor-element elementor-element-ae4e3a2\" data-id=\"ae4e3a2\" data-element_type=\"column\">\n\t\t\t<div class=\"elementor-widget-wrap elementor-element-populated\">\n\t\t\t\t\t\t<div class=\"elementor-element elementor-element-5d3c41e elementor-widget elementor-widget-heading\" data-id=\"5d3c41e\" data-element_type=\"widget\" data-widget_type=\"heading.default\">\n\t\t\t\t<div class=\"elementor-widget-container\">\n\t\t\t\t\t<h4 class=\"elementor-heading-title elementor-size-default\">Ullkarusellen<\/h4>\t\t\t\t<\/div>\n\t\t\t\t<\/div>\n\t\t\t\t<div class=\"elementor-element elementor-element-725fb68 elementor-widget elementor-widget-text-editor\" data-id=\"725fb68\" data-element_type=\"widget\" data-widget_type=\"text-editor.default\">\n\t\t\t\t<div class=\"elementor-widget-container\">\n\t\t\t\t\t\t\t\t\t<p>Ullkarusellen startades 2024 av oss, Agnes och Emma.\u00a0\u00a0<br \/>Hos oss p\u00e5 Ullkarusellen hittar du obehandlade\u00a0ullgarner, fr\u00e5n rustikt h\u00e4rligt gotlandsgarn till underbart mjukt\u00a0finullsgarn.\u00a0Ullen kommer fr\u00e5n svenska g\u00e5rdar och garnet spinns i Sverige.\u00a0Vi\u00a0handf\u00e4rgar\u00a0det mesta\u00a0hemma i k\u00f6ket, men har\u00a0\u00e4ven\u00a0of\u00e4rgade garner.\u00a0Vi\u00a0s\u00e4ljer\u00a0ocks\u00e5\u00a0projektp\u00e5sar, vantm\u00f6nster och garnpaket.\u00a0\u00a0<br \/>Du kan l\u00e4sa mer om v\u00e5ra garner\u00a0h\u00e4r: <a href=\"https:\/\/ullkarusellen.quickbutik.com\/sidor\/om-oss\" target=\"_blank\" rel=\"noopener\">\u00a0Om Ullkarusellen &#8211; Ullkarusellen\u00a0<\/a><br \/>Vi finns p\u00e5\u00a0instagram\u00a0som @ullkarusellen\u00a0<a href=\"https:\/\/instagram.com\/ullkarusellen\" target=\"_blank\" rel=\"noopener\">\u00a0https:\/\/instagram.com\/ullkarusellen\u00a0<\/a><\/p>\t\t\t\t\t\t\t\t<\/div>\n\t\t\t\t<\/div>\n\t\t\t\t\t<\/div>\n\t\t<\/div>\n\t\t\t\t\t<\/div>\n\t\t<\/section>\n\t\t\t\t<section class=\"elementor-section elementor-top-section elementor-element elementor-element-63b05a7 elementor-section-boxed elementor-section-height-default elementor-section-height-default\" data-id=\"63b05a7\" data-element_type=\"section\">\n\t\t\t\t\t\t<div class=\"elementor-container elementor-column-gap-default\">\n\t\t\t\t\t<div class=\"elementor-column elementor-col-100 elementor-top-column elementor-element elementor-element-1f057a7\" data-id=\"1f057a7\" data-element_type=\"column\">\n\t\t\t<div class=\"elementor-widget-wrap elementor-element-populated\">\n\t\t\t\t\t\t<div class=\"elementor-element elementor-element-08c03ae elementor-widget-divider--view-line elementor-widget elementor-widget-divider\" data-id=\"08c03ae\" data-element_type=\"widget\" data-widget_type=\"divider.default\">\n\t\t\t\t<div class=\"elementor-widget-container\">\n\t\t\t\t\t\t\t<div class=\"elementor-divider\">\n\t\t\t<span class=\"elementor-divider-separator\">\n\t\t\t\t\t\t<\/span>\n\t\t<\/div>\n\t\t\t\t\t\t<\/div>\n\t\t\t\t<\/div>\n\t\t\t\t\t<\/div>\n\t\t<\/div>\n\t\t\t\t\t<\/div>\n\t\t<\/section>\n\t\t\t\t<section class=\"elementor-section elementor-top-section elementor-element elementor-element-d458c8d elementor-section-boxed elementor-section-height-default elementor-section-height-default\" data-id=\"d458c8d\" data-element_type=\"section\">\n\t\t\t\t\t\t<div class=\"elementor-container elementor-column-gap-default\">\n\t\t\t\t\t<div class=\"elementor-column elementor-col-50 elementor-top-column elementor-element elementor-element-60cbc9d\" data-id=\"60cbc9d\" data-element_type=\"column\">\n\t\t\t<div class=\"elementor-widget-wrap elementor-element-populated\">\n\t\t\t\t\t\t<div class=\"elementor-element elementor-element-85278f8 elementor-widget elementor-widget-image\" data-id=\"85278f8\" data-element_type=\"widget\" data-widget_type=\"image.default\">\n\t\t\t\t<div class=\"elementor-widget-container\">\n\t\t\t\t\t\t\t\t\t\t\t\t\t\t\t<img loading=\"lazy\" decoding=\"async\" width=\"225\" height=\"225\" src=\"https:\/\/visitrydal.com\/wp-content\/uploads\/2024\/05\/Emelie.jpg\" class=\"attachment-large size-large wp-image-6203\" alt=\"\" srcset=\"https:\/\/visitrydal.com\/wp-content\/uploads\/2024\/05\/Emelie.jpg 225w, https:\/\/visitrydal.com\/wp-content\/uploads\/2024\/05\/Emelie-150x150.jpg 150w, https:\/\/visitrydal.com\/wp-content\/uploads\/2024\/05\/Emelie-12x12.jpg 12w, https:\/\/visitrydal.com\/wp-content\/uploads\/2024\/05\/Emelie-60x60.jpg 60w, https:\/\/visitrydal.com\/wp-content\/uploads\/2024\/05\/Emelie-40x40.jpg 40w, https:\/\/visitrydal.com\/wp-content\/uploads\/2024\/05\/Emelie-80x80.jpg 80w, https:\/\/visitrydal.com\/wp-content\/uploads\/2024\/05\/Emelie-20x20.jpg 20w, https:\/\/visitrydal.com\/wp-content\/uploads\/2024\/05\/Emelie-128x128.jpg 128w, https:\/\/visitrydal.com\/wp-content\/uploads\/2024\/05\/Emelie-73x73.jpg 73w, https:\/\/visitrydal.com\/wp-content\/uploads\/2024\/05\/Emelie-130x130.jpg 130w\" sizes=\"(max-width: 225px) 100vw, 225px\" \/>\t\t\t\t\t\t\t\t\t\t\t\t\t\t\t<\/div>\n\t\t\t\t<\/div>\n\t\t\t\t\t<\/div>\n\t\t<\/div>\n\t\t\t\t<div class=\"elementor-column elementor-col-50 elementor-top-column elementor-element elementor-element-25bc210\" data-id=\"25bc210\" data-element_type=\"column\">\n\t\t\t<div class=\"elementor-widget-wrap elementor-element-populated\">\n\t\t\t\t\t\t<div class=\"elementor-element elementor-element-4b2d518 elementor-widget elementor-widget-heading\" data-id=\"4b2d518\" data-element_type=\"widget\" data-widget_type=\"heading.default\">\n\t\t\t\t<div class=\"elementor-widget-container\">\n\t\t\t\t\t<h4 class=\"elementor-heading-title elementor-size-default\">Emeli knit<\/h4>\t\t\t\t<\/div>\n\t\t\t\t<\/div>\n\t\t\t\t<div class=\"elementor-element elementor-element-5afa3e1 elementor-drop-cap-yes elementor-drop-cap-view-default elementor-widget elementor-widget-text-editor\" data-id=\"5afa3e1\" data-element_type=\"widget\" data-settings=\"{&quot;drop_cap&quot;:&quot;yes&quot;}\" data-widget_type=\"text-editor.default\">\n\t\t\t\t<div class=\"elementor-widget-container\">\n\t\t\t\t\t\t\t\t\t<h4><span style=\"color: #000000;\"><span style=\"font-family: Arial, sans-serif;\"><span style=\"font-size: small;\">Emelie Bj\u00f6rnkvists sells yarn under the Emelilyknits brand.<\/span><\/span><\/span><\/h4><h4><span style=\"color: #000000;\"><span style=\"font-family: Arial, sans-serif;\"><span style=\"font-size: small;\">\u00a0The yarn comes from Peru, is dyed in Hajom and is sold in Kinnastr\u00f6m in a brand new shop. <\/span><\/span><\/span><span style=\"color: #000000;\"><span style=\"font-family: Arial, sans-serif;\"><span style=\"font-size: small;\">Emelilyknit creates collections where the yarn is given context through a theme such as Amazing Space or Harvest. She has been knitting since she was a child.\u00a0 \u00a0 \u00a0 \u00a0 \u00a0 \u00a0 \u00a0 \u00a0 \u00a0 \u00a0 \u00a0 \u00a0 \u00a0 \u00a0 \u00a0 \u00a0 \u00a0 \u00a0 \u00a0 \u00a0 \u00a0 \u00a0 \u00a0 \u00a0 \u00a0 \u00a0 \u00a0 \u00a0 \u00a0 \u00a0 \u00a0 \u00a0 \u00a0 \u00a0 \u00a0 \u00a0 \u00a0 \u00a0 \u00a0 \u00a0 \u00a0 \u00a0 \u00a0 \u00a0 \u00a0 \u00a0 \u00a0 \u00a0 \u00a0 \u00a0 \u00a0 \u00a0 \u00a0 \u00a0 \u00a0 \u00a0 \u00a0 \u00a0 \u00a0 \u00a0 \u00a0 \u00a0 \u00a0 \u00a0 \u00a0 \u00a0 \u00a0 \u00a0 \u00a0 \u00a0 \u00a0 \u00a0 \u00a0 \u00a0 \u00a0 \u00a0 \u00a0 \u00a0 \u00a0 \u00a0 \u00a0 <\/span><\/span><\/span><span style=\"color: #000000;\"><span style=\"font-family: Arial, sans-serif;\"><span style=\"font-size: small;\">You are very welcome to visit Emelilyknit&#039;s yarn store in Kinnastr\u00f6m to buy Emelilyknit&#039;s own yarns, but also several other popular brands such as Camarose and Knitting for Olive.<\/span><\/span><\/span><\/h4><h4><span style=\"color: #000000;\"><span style=\"font-family: Arial, sans-serif;\"><span style=\"font-size: small;\">If you are looking for a knitting pattern I created, such as Lusse Lelle, you can find them on Ravelry. There you can search for the name of the pattern, Emelilyknits or Emelie Bj\u00f6rnkvist to find the right one. Alternatively, you can send an email to hej@emelilyknits.se and you can buy patterns from me directly on PDF. Instagram:<span style=\"color: #3366ff;\"><a style=\"color: #3366ff;\" href=\"https:\/\/www.instagram.com\/emelilyknits\/\" target=\"_blank\" rel=\"noopener\">@emelilyknits<\/a><\/span><\/span><\/span><\/span><\/h4><h4 align=\"CENTER\"><span style=\"color: #3366ff;\"><span style=\"font-family: Arial, sans-serif;\"><span style=\"font-size: small;\"> <a style=\"color: #3366ff;\" href=\"https:\/\/www.emelilyknits.se\/\" target=\"_blank\" rel=\"noopener\">www.emelilyknits.se\/<\/a><\/span><\/span><\/span><\/h4><h4 align=\"CENTER\"><span style=\"color: #000000;\"><span style=\"font-family: Arial, sans-serif;\"><span style=\"font-size: small;\">\u00a0 \u00a0 \u00a0 \u00a0 \u00a0 \u00a0 \u00a0 E-mail: <a href=\"mailto:hej@emelilyknits.se\" target=\"_blank\" rel=\"noopener\">hej@emelilyknits.se<\/a>\u00a0 \u00a0 \u00a0 \u00a0 \u00a0 \u00a0 \u00a0 \u00a0<\/span><\/span><\/span><\/h4>\t\t\t\t\t\t\t\t<\/div>\n\t\t\t\t<\/div>\n\t\t\t\t\t<\/div>\n\t\t<\/div>\n\t\t\t\t\t<\/div>\n\t\t<\/section>\n\t\t\t\t<section class=\"elementor-section elementor-top-section elementor-element elementor-element-39b8949 elementor-section-boxed elementor-section-height-default elementor-section-height-default\" data-id=\"39b8949\" data-element_type=\"section\">\n\t\t\t\t\t\t<div class=\"elementor-container elementor-column-gap-default\">\n\t\t\t\t\t<div class=\"elementor-column elementor-col-50 elementor-top-column elementor-element elementor-element-f6d8b2a\" data-id=\"f6d8b2a\" data-element_type=\"column\">\n\t\t\t<div class=\"elementor-widget-wrap elementor-element-populated\">\n\t\t\t\t\t\t<div class=\"elementor-element elementor-element-5896621 elementor-widget-divider--view-line elementor-widget elementor-widget-divider\" data-id=\"5896621\" data-element_type=\"widget\" data-widget_type=\"divider.default\">\n\t\t\t\t<div class=\"elementor-widget-container\">\n\t\t\t\t\t\t\t<div class=\"elementor-divider\">\n\t\t\t<span class=\"elementor-divider-separator\">\n\t\t\t\t\t\t<\/span>\n\t\t<\/div>\n\t\t\t\t\t\t<\/div>\n\t\t\t\t<\/div>\n\t\t\t\t<div class=\"elementor-element elementor-element-037fe14 elementor-widget elementor-widget-image\" data-id=\"037fe14\" data-element_type=\"widget\" data-widget_type=\"image.default\">\n\t\t\t\t<div class=\"elementor-widget-container\">\n\t\t\t\t\t\t\t\t\t\t\t\t\t\t\t<img loading=\"lazy\" decoding=\"async\" width=\"1024\" height=\"662\" src=\"https:\/\/visitrydal.com\/wp-content\/uploads\/2026\/03\/Logo-Traffstrom-1024x662.png\" class=\"attachment-large size-large wp-image-8485\" alt=\"\" srcset=\"https:\/\/visitrydal.com\/wp-content\/uploads\/2026\/03\/Logo-Traffstrom-1024x662.png 1024w, https:\/\/visitrydal.com\/wp-content\/uploads\/2026\/03\/Logo-Traffstrom-300x194.png 300w, https:\/\/visitrydal.com\/wp-content\/uploads\/2026\/03\/Logo-Traffstrom-768x497.png 768w, https:\/\/visitrydal.com\/wp-content\/uploads\/2026\/03\/Logo-Traffstrom-1536x993.png 1536w, https:\/\/visitrydal.com\/wp-content\/uploads\/2026\/03\/Logo-Traffstrom-2048x1325.png 2048w, https:\/\/visitrydal.com\/wp-content\/uploads\/2026\/03\/Logo-Traffstrom-18x12.png 18w, https:\/\/visitrydal.com\/wp-content\/uploads\/2026\/03\/Logo-Traffstrom-618x400.png 618w\" sizes=\"(max-width: 1024px) 100vw, 1024px\" \/>\t\t\t\t\t\t\t\t\t\t\t\t\t\t\t<\/div>\n\t\t\t\t<\/div>\n\t\t\t\t<div class=\"elementor-element elementor-element-04831b9 elementor-widget elementor-widget-image\" data-id=\"04831b9\" data-element_type=\"widget\" data-widget_type=\"image.default\">\n\t\t\t\t<div class=\"elementor-widget-container\">\n\t\t\t\t\t\t\t\t\t\t\t\t\t\t\t<img loading=\"lazy\" decoding=\"async\" width=\"809\" height=\"1024\" src=\"https:\/\/visitrydal.com\/wp-content\/uploads\/2026\/03\/Portratt-Karin-809x1024.jpg\" class=\"attachment-large size-large wp-image-8479\" alt=\"\" srcset=\"https:\/\/visitrydal.com\/wp-content\/uploads\/2026\/03\/Portratt-Karin-809x1024.jpg 809w, https:\/\/visitrydal.com\/wp-content\/uploads\/2026\/03\/Portratt-Karin-237x300.jpg 237w, https:\/\/visitrydal.com\/wp-content\/uploads\/2026\/03\/Portratt-Karin-768x972.jpg 768w, https:\/\/visitrydal.com\/wp-content\/uploads\/2026\/03\/Portratt-Karin-9x12.jpg 9w, https:\/\/visitrydal.com\/wp-content\/uploads\/2026\/03\/Portratt-Karin-316x400.jpg 316w, https:\/\/visitrydal.com\/wp-content\/uploads\/2026\/03\/Portratt-Karin.jpg 1056w\" sizes=\"(max-width: 809px) 100vw, 809px\" \/>\t\t\t\t\t\t\t\t\t\t\t\t\t\t\t<\/div>\n\t\t\t\t<\/div>\n\t\t\t\t<div class=\"elementor-element elementor-element-726efdc elementor-widget elementor-widget-image\" data-id=\"726efdc\" data-element_type=\"widget\" data-widget_type=\"image.default\">\n\t\t\t\t<div class=\"elementor-widget-container\">\n\t\t\t\t\t\t\t\t\t\t\t\t\t\t\t<img loading=\"lazy\" decoding=\"async\" width=\"768\" height=\"1024\" src=\"https:\/\/visitrydal.com\/wp-content\/uploads\/2026\/03\/E-spinnerkurs-inspo-768x1024.jpg\" class=\"attachment-large size-large wp-image-8480\" alt=\"\" srcset=\"https:\/\/visitrydal.com\/wp-content\/uploads\/2026\/03\/E-spinnerkurs-inspo-768x1024.jpg 768w, https:\/\/visitrydal.com\/wp-content\/uploads\/2026\/03\/E-spinnerkurs-inspo-225x300.jpg 225w, https:\/\/visitrydal.com\/wp-content\/uploads\/2026\/03\/E-spinnerkurs-inspo-1152x1536.jpg 1152w, https:\/\/visitrydal.com\/wp-content\/uploads\/2026\/03\/E-spinnerkurs-inspo-1536x2048.jpg 1536w, https:\/\/visitrydal.com\/wp-content\/uploads\/2026\/03\/E-spinnerkurs-inspo-9x12.jpg 9w, https:\/\/visitrydal.com\/wp-content\/uploads\/2026\/03\/E-spinnerkurs-inspo-300x400.jpg 300w, https:\/\/visitrydal.com\/wp-content\/uploads\/2026\/03\/E-spinnerkurs-inspo-scaled.jpg 1920w\" sizes=\"(max-width: 768px) 100vw, 768px\" \/>\t\t\t\t\t\t\t\t\t\t\t\t\t\t\t<\/div>\n\t\t\t\t<\/div>\n\t\t\t\t<div class=\"elementor-element elementor-element-197b10d elementor-widget elementor-widget-image\" data-id=\"197b10d\" data-element_type=\"widget\" data-widget_type=\"image.default\">\n\t\t\t\t<div class=\"elementor-widget-container\">\n\t\t\t\t\t\t\t\t\t\t\t\t\t\t\t<img loading=\"lazy\" decoding=\"async\" width=\"768\" height=\"1024\" src=\"https:\/\/visitrydal.com\/wp-content\/uploads\/2026\/03\/Slandkurs-inspo-768x1024.jpg\" class=\"attachment-large size-large wp-image-8481\" alt=\"\" srcset=\"https:\/\/visitrydal.com\/wp-content\/uploads\/2026\/03\/Slandkurs-inspo-768x1024.jpg 768w, https:\/\/visitrydal.com\/wp-content\/uploads\/2026\/03\/Slandkurs-inspo-225x300.jpg 225w, https:\/\/visitrydal.com\/wp-content\/uploads\/2026\/03\/Slandkurs-inspo-1152x1536.jpg 1152w, https:\/\/visitrydal.com\/wp-content\/uploads\/2026\/03\/Slandkurs-inspo-1536x2048.jpg 1536w, https:\/\/visitrydal.com\/wp-content\/uploads\/2026\/03\/Slandkurs-inspo-9x12.jpg 9w, https:\/\/visitrydal.com\/wp-content\/uploads\/2026\/03\/Slandkurs-inspo-300x400.jpg 300w, https:\/\/visitrydal.com\/wp-content\/uploads\/2026\/03\/Slandkurs-inspo-scaled.jpg 1920w\" sizes=\"(max-width: 768px) 100vw, 768px\" \/>\t\t\t\t\t\t\t\t\t\t\t\t\t\t\t<\/div>\n\t\t\t\t<\/div>\n\t\t\t\t\t<\/div>\n\t\t<\/div>\n\t\t\t\t<div class=\"elementor-column elementor-col-50 elementor-top-column elementor-element elementor-element-1250ea0\" data-id=\"1250ea0\" data-element_type=\"column\">\n\t\t\t<div class=\"elementor-widget-wrap elementor-element-populated\">\n\t\t\t\t\t\t<div class=\"elementor-element elementor-element-e7065cb elementor-widget-divider--view-line elementor-widget elementor-widget-divider\" data-id=\"e7065cb\" data-element_type=\"widget\" data-widget_type=\"divider.default\">\n\t\t\t\t<div class=\"elementor-widget-container\">\n\t\t\t\t\t\t\t<div class=\"elementor-divider\">\n\t\t\t<span class=\"elementor-divider-separator\">\n\t\t\t\t\t\t<\/span>\n\t\t<\/div>\n\t\t\t\t\t\t<\/div>\n\t\t\t\t<\/div>\n\t\t\t\t<div class=\"elementor-element elementor-element-3878efd elementor-widget elementor-widget-heading\" data-id=\"3878efd\" data-element_type=\"widget\" data-widget_type=\"heading.default\">\n\t\t\t\t<div class=\"elementor-widget-container\">\n\t\t\t\t\t<h4 class=\"elementor-heading-title elementor-size-default\">Tr\u00e4ffstr\u00f6m Design<\/h4>\t\t\t\t<\/div>\n\t\t\t\t<\/div>\n\t\t\t\t<div class=\"elementor-element elementor-element-3589821 elementor-drop-cap-yes elementor-drop-cap-view-default elementor-widget elementor-widget-text-editor\" data-id=\"3589821\" data-element_type=\"widget\" data-settings=\"{&quot;drop_cap&quot;:&quot;yes&quot;}\" data-widget_type=\"text-editor.default\">\n\t\t\t\t<div class=\"elementor-widget-container\">\n\t\t\t\t\t\t\t\t\t<p><span style=\"color: #000000;\"><strong>Tr\u00e4ffstr\u00f6m Design<\/strong> drivs av <strong>Karin Tr\u00e4ff Nordstr\u00f6m<\/strong> och st\u00e5r p\u00e5 tre ben.<\/span><\/p><p><strong><span style=\"color: #000000;\">Ull f\u00f6r spinnare\u00a0<\/span><\/strong><\/p><p><span style=\"color: #000000;\">Haunui\u00a0&#8211; vi \u00e4r Europas enda \u00e5terf\u00f6rs\u00e4ljare av Haunui wool fr\u00e5n Nya Zeeland, en ull som \u00e4r lyxigt mjuk och som \u00e4r ljuvlig att spinna. Vi s\u00e4ljer Haunui wool i m\u00e5nga naturliga f\u00e4rger och handf\u00e4rgar sj\u00e4lva. En favorit \u00e4r blandningar med silke och silke\/baby alpaca.<\/span><\/p><p><span style=\"color: #000000;\"><strong>Handprocessad svensk ull<\/strong>\u00a0&#8211; vi k\u00f6per in svensk ull och processar den f\u00f6r hand \u2013 ett l\u00e5ngsamt arbete, d\u00e4r alla fibrer har passerat v\u00e5ra h\u00e4nder \u2013 sortering, tv\u00e4tt, tesning och kardning. Eventuell f\u00e4rgad ull \u00e4r handf\u00e4rgad av oss. Vi drivs av en lust att experimentera och l\u00e4ra oss om hur olika ullsorter blandar sig med varandra och med andra, mer exotiska fibrer, samtidigt som vi vill f\u00e5 fram kardflor som \u00e4r l\u00e4tta att handspinna. Varje kardflor \u00e4r unikt eller finns i endast ett f\u00e5tal exemplar.\u00a0<\/span><\/p><p><strong><span style=\"color: #000000;\">3D-printade turkiska sl\u00e4ndor och tillbeh\u00f6r<\/span><\/strong><\/p><p><span style=\"color: #000000;\">Vi utvecklar 3D-printade turkiska sl\u00e4ndor och\u00a0 tillbeh\u00f6r f\u00f6r stickare och spinnare, s\u00e5som diz, garntjockleksm\u00e4tare, vikbar linjal och olika mark\u00f6rer.<\/span><\/p><p><strong><span style=\"color: #000000;\">Spinnkurser<\/span><\/strong><\/p><p><span style=\"color: #000000;\">Karin h\u00e5ller spinnkurser p\u00e5 turkisk sl\u00e4nda och elektrisk spinnrock och\u00a0du har m\u00f6jlighet att g\u00e5 en workshop (anpassa texten och h\u00e4nvisa till info om workshops\u2026.)\u00a0<\/span><\/p><p><span style=\"color: #000000;\">Karin Tr\u00e4ff Nordstr\u00f6m <\/span><span style=\"color: #000000;\">Tr\u00e4ffstr\u00f6m Design AB<\/span><\/p><p><span style=\"color: #000000;\">L\u00e4rkgatan 10, <\/span><span style=\"color: #000000;\">247 31 S\u00f6dra Sandby<\/span><\/p><p><span style=\"color: #000000;\">Webbsida<\/span>:<a href=\"https:\/\/traffstromdesign.com\/\">https:\/\/traffstromdesign.com\/<\/a><\/p><p><span style=\"color: #000000;\">Instagram: <a href=\"https:\/\/www.instagram.com\/traffstromdesign\/\">@traffstromdesign<\/a><\/span><\/p><h4 align=\"CENTER\"><span style=\"font-family: Arial, sans-serif; color: #000000;\"><span style=\"font-size: small;\"> \u00a0 \u00a0 \u00a0<\/span><\/span><\/h4>\t\t\t\t\t\t\t\t<\/div>\n\t\t\t\t<\/div>\n\t\t\t\t\t<\/div>\n\t\t<\/div>\n\t\t\t\t\t<\/div>\n\t\t<\/section>\n\t\t\t\t<section class=\"elementor-section elementor-top-section elementor-element elementor-element-f941b2d elementor-section-boxed elementor-section-height-default elementor-section-height-default\" data-id=\"f941b2d\" data-element_type=\"section\">\n\t\t\t\t\t\t<div class=\"elementor-container elementor-column-gap-default\">\n\t\t\t\t\t<div class=\"elementor-column elementor-col-100 elementor-top-column elementor-element elementor-element-688e9e0\" data-id=\"688e9e0\" data-element_type=\"column\">\n\t\t\t<div class=\"elementor-widget-wrap\">\n\t\t\t\t\t\t\t<\/div>\n\t\t<\/div>\n\t\t\t\t\t<\/div>\n\t\t<\/section>\n\t\t\t\t<section class=\"elementor-section elementor-top-section elementor-element elementor-element-af4f890 elementor-section-boxed elementor-section-height-default elementor-section-height-default\" data-id=\"af4f890\" data-element_type=\"section\">\n\t\t\t\t\t\t<div class=\"elementor-container elementor-column-gap-default\">\n\t\t\t\t\t<div class=\"elementor-column elementor-col-100 elementor-top-column elementor-element elementor-element-ad8c3c0\" data-id=\"ad8c3c0\" data-element_type=\"column\">\n\t\t\t<div class=\"elementor-widget-wrap elementor-element-populated\">\n\t\t\t\t\t\t<div class=\"elementor-element elementor-element-ff9674f elementor-widget-divider--view-line elementor-widget elementor-widget-divider\" data-id=\"ff9674f\" data-element_type=\"widget\" data-widget_type=\"divider.default\">\n\t\t\t\t<div class=\"elementor-widget-container\">\n\t\t\t\t\t\t\t<div class=\"elementor-divider\">\n\t\t\t<span class=\"elementor-divider-separator\">\n\t\t\t\t\t\t<\/span>\n\t\t<\/div>\n\t\t\t\t\t\t<\/div>\n\t\t\t\t<\/div>\n\t\t\t\t<div class=\"elementor-element elementor-element-882b9a3 elementor-widget elementor-widget-image\" data-id=\"882b9a3\" data-element_type=\"widget\" data-widget_type=\"image.default\">\n\t\t\t\t<div class=\"elementor-widget-container\">\n\t\t\t\t\t\t\t\t\t\t\t\t\t\t\t<img loading=\"lazy\" decoding=\"async\" width=\"320\" height=\"320\" src=\"https:\/\/visitrydal.com\/wp-content\/uploads\/2025\/03\/Instagram-profilbild-Stick-och-spin-1.jpg\" class=\"attachment-large size-large wp-image-6844\" alt=\"\" srcset=\"https:\/\/visitrydal.com\/wp-content\/uploads\/2025\/03\/Instagram-profilbild-Stick-och-spin-1.jpg 320w, https:\/\/visitrydal.com\/wp-content\/uploads\/2025\/03\/Instagram-profilbild-Stick-och-spin-1-300x300.jpg 300w, https:\/\/visitrydal.com\/wp-content\/uploads\/2025\/03\/Instagram-profilbild-Stick-och-spin-1-150x150.jpg 150w, https:\/\/visitrydal.com\/wp-content\/uploads\/2025\/03\/Instagram-profilbild-Stick-och-spin-1-12x12.jpg 12w, https:\/\/visitrydal.com\/wp-content\/uploads\/2025\/03\/Instagram-profilbild-Stick-och-spin-1-60x60.jpg 60w, https:\/\/visitrydal.com\/wp-content\/uploads\/2025\/03\/Instagram-profilbild-Stick-och-spin-1-40x40.jpg 40w, https:\/\/visitrydal.com\/wp-content\/uploads\/2025\/03\/Instagram-profilbild-Stick-och-spin-1-80x80.jpg 80w, https:\/\/visitrydal.com\/wp-content\/uploads\/2025\/03\/Instagram-profilbild-Stick-och-spin-1-20x20.jpg 20w, https:\/\/visitrydal.com\/wp-content\/uploads\/2025\/03\/Instagram-profilbild-Stick-och-spin-1-128x128.jpg 128w, https:\/\/visitrydal.com\/wp-content\/uploads\/2025\/03\/Instagram-profilbild-Stick-och-spin-1-73x73.jpg 73w, https:\/\/visitrydal.com\/wp-content\/uploads\/2025\/03\/Instagram-profilbild-Stick-och-spin-1-130x130.jpg 130w\" sizes=\"(max-width: 320px) 100vw, 320px\" \/>\t\t\t\t\t\t\t\t\t\t\t\t\t\t\t<\/div>\n\t\t\t\t<\/div>\n\t\t\t\t\t<\/div>\n\t\t<\/div>\n\t\t\t\t\t<\/div>\n\t\t<\/section>\n\t\t\t\t<section class=\"elementor-section elementor-top-section elementor-element elementor-element-1b4d38c elementor-section-boxed elementor-section-height-default elementor-section-height-default\" data-id=\"1b4d38c\" data-element_type=\"section\">\n\t\t\t\t\t\t<div class=\"elementor-container elementor-column-gap-default\">\n\t\t\t\t\t<div class=\"elementor-column elementor-col-100 elementor-top-column elementor-element elementor-element-d69fe66\" data-id=\"d69fe66\" data-element_type=\"column\">\n\t\t\t<div class=\"elementor-widget-wrap\">\n\t\t\t\t\t\t\t<\/div>\n\t\t<\/div>\n\t\t\t\t\t<\/div>\n\t\t<\/section>\n\t\t\t\t<\/div>","protected":false},"excerpt":{"rendered":"<p>F\u00f6rs\u00e4ljare som s\u00e4ljer garn, b\u00f6cker och annat 10-11 oktober\u00d6ppettider 10-17.00 \u00a0V\u00e4lkommen till marknadsplatsen som \u00e4r i Abbotsalen p\u00e5 andra v\u00e5ning i museet. Den \u00e4r \u00a0fylld med f\u00f6rs\u00e4ljare som erbjuder allt fr\u00e5n garn och b\u00f6cker till andra produkter som har med stickning, virkning och spinning att g\u00f6ra. Det kommer att finnas m\u00f6jlighet att k\u00f6pa: Garn i [&hellip;]<\/p>\n","protected":false},"author":1,"featured_media":6818,"comment_status":"closed","ping_status":"open","sticky":false,"template":"","format":"standard","meta":{"footnotes":""},"categories":[336],"tags":[],"class_list":["post-8414","post","type-post","status-publish","format-standard","has-post-thumbnail","hentry","category-aktiviteter-2026","blog-post"],"yoast_head":"<!-- This site is optimized with the Yoast SEO plugin v27.5 - https:\/\/yoast.com\/product\/yoast-seo-wordpress\/ -->\n<title>F\u00f6rs\u00e4ljning - Stick och spinnfest 2026 - Visit Rydal<\/title>\n<meta name=\"robots\" content=\"index, follow, max-snippet:-1, max-image-preview:large, max-video-preview:-1\" \/>\n<link rel=\"canonical\" href=\"https:\/\/visitrydal.com\/en\/forsaljning-stick-och-spinnfest-2026\/\" \/>\n<meta property=\"og:locale\" content=\"en_GB\" \/>\n<meta property=\"og:type\" content=\"article\" \/>\n<meta property=\"og:title\" content=\"F\u00f6rs\u00e4ljning - Stick och spinnfest 2026 - Visit Rydal\" \/>\n<meta property=\"og:description\" content=\"F\u00f6rs\u00e4ljare som s\u00e4ljer garn, b\u00f6cker och annat 10-11 oktober\u00d6ppettider 10-17.00 \u00a0V\u00e4lkommen till marknadsplatsen som \u00e4r i Abbotsalen p\u00e5 andra v\u00e5ning i museet. Den \u00e4r \u00a0fylld med f\u00f6rs\u00e4ljare som erbjuder allt fr\u00e5n garn och b\u00f6cker till andra produkter som har med stickning, virkning och spinning att g\u00f6ra. Det kommer att finnas m\u00f6jlighet att k\u00f6pa: Garn i [&hellip;]\" \/>\n<meta property=\"og:url\" content=\"https:\/\/visitrydal.com\/en\/forsaljning-stick-och-spinnfest-2026\/\" \/>\n<meta property=\"og:site_name\" content=\"Visit Rydal\" \/>\n<meta property=\"article:published_time\" content=\"2026-03-07T15:30:26+00:00\" \/>\n<meta property=\"article:modified_time\" content=\"2026-04-29T19:48:52+00:00\" \/>\n<meta property=\"og:image\" content=\"https:\/\/visitrydal.com\/wp-content\/uploads\/2025\/03\/Facebookomslag-Stick-och-spin-1.png\" \/>\n\t<meta property=\"og:image:width\" content=\"851\" \/>\n\t<meta property=\"og:image:height\" content=\"315\" \/>\n\t<meta property=\"og:image:type\" content=\"image\/png\" \/>\n<meta name=\"author\" content=\"admin\" \/>\n<meta name=\"twitter:card\" content=\"summary_large_image\" \/>\n<meta name=\"twitter:label1\" content=\"Written by\" \/>\n\t<meta name=\"twitter:data1\" content=\"admin\" \/>\n\t<meta name=\"twitter:label2\" content=\"Estimated reading time\" \/>\n\t<meta name=\"twitter:data2\" content=\"14 minutes\" \/>\n<script type=\"application\/ld+json\" class=\"yoast-schema-graph\">{\"@context\":\"https:\\\/\\\/schema.org\",\"@graph\":[{\"@type\":\"Article\",\"@id\":\"https:\\\/\\\/visitrydal.com\\\/forsaljning-stick-och-spinnfest-2026\\\/#article\",\"isPartOf\":{\"@id\":\"https:\\\/\\\/visitrydal.com\\\/forsaljning-stick-och-spinnfest-2026\\\/\"},\"author\":{\"name\":\"admin\",\"@id\":\"https:\\\/\\\/visitrydal.com\\\/#\\\/schema\\\/person\\\/3477be07bcb3acdfb7bfdcb913bea6b4\"},\"headline\":\"F\u00f6rs\u00e4ljning &#8211; Stick och spinnfest 2026\",\"datePublished\":\"2026-03-07T15:30:26+00:00\",\"dateModified\":\"2026-04-29T19:48:52+00:00\",\"mainEntityOfPage\":{\"@id\":\"https:\\\/\\\/visitrydal.com\\\/forsaljning-stick-och-spinnfest-2026\\\/\"},\"wordCount\":2210,\"publisher\":{\"@id\":\"https:\\\/\\\/visitrydal.com\\\/#organization\"},\"image\":{\"@id\":\"https:\\\/\\\/visitrydal.com\\\/forsaljning-stick-och-spinnfest-2026\\\/#primaryimage\"},\"thumbnailUrl\":\"https:\\\/\\\/visitrydal.com\\\/wp-content\\\/uploads\\\/2025\\\/03\\\/Facebookomslag-Stick-och-spin-1.png\",\"articleSection\":[\"Aktiviteter-2026\"],\"inLanguage\":\"en-GB\"},{\"@type\":\"WebPage\",\"@id\":\"https:\\\/\\\/visitrydal.com\\\/forsaljning-stick-och-spinnfest-2026\\\/\",\"url\":\"https:\\\/\\\/visitrydal.com\\\/forsaljning-stick-och-spinnfest-2026\\\/\",\"name\":\"F\u00f6rs\u00e4ljning - Stick och spinnfest 2026 - Visit Rydal\",\"isPartOf\":{\"@id\":\"https:\\\/\\\/visitrydal.com\\\/#website\"},\"primaryImageOfPage\":{\"@id\":\"https:\\\/\\\/visitrydal.com\\\/forsaljning-stick-och-spinnfest-2026\\\/#primaryimage\"},\"image\":{\"@id\":\"https:\\\/\\\/visitrydal.com\\\/forsaljning-stick-och-spinnfest-2026\\\/#primaryimage\"},\"thumbnailUrl\":\"https:\\\/\\\/visitrydal.com\\\/wp-content\\\/uploads\\\/2025\\\/03\\\/Facebookomslag-Stick-och-spin-1.png\",\"datePublished\":\"2026-03-07T15:30:26+00:00\",\"dateModified\":\"2026-04-29T19:48:52+00:00\",\"breadcrumb\":{\"@id\":\"https:\\\/\\\/visitrydal.com\\\/forsaljning-stick-och-spinnfest-2026\\\/#breadcrumb\"},\"inLanguage\":\"en-GB\",\"potentialAction\":[{\"@type\":\"ReadAction\",\"target\":[\"https:\\\/\\\/visitrydal.com\\\/forsaljning-stick-och-spinnfest-2026\\\/\"]}]},{\"@type\":\"ImageObject\",\"inLanguage\":\"en-GB\",\"@id\":\"https:\\\/\\\/visitrydal.com\\\/forsaljning-stick-och-spinnfest-2026\\\/#primaryimage\",\"url\":\"https:\\\/\\\/visitrydal.com\\\/wp-content\\\/uploads\\\/2025\\\/03\\\/Facebookomslag-Stick-och-spin-1.png\",\"contentUrl\":\"https:\\\/\\\/visitrydal.com\\\/wp-content\\\/uploads\\\/2025\\\/03\\\/Facebookomslag-Stick-och-spin-1.png\",\"width\":851,\"height\":315},{\"@type\":\"BreadcrumbList\",\"@id\":\"https:\\\/\\\/visitrydal.com\\\/forsaljning-stick-och-spinnfest-2026\\\/#breadcrumb\",\"itemListElement\":[{\"@type\":\"ListItem\",\"position\":1,\"name\":\"Home\",\"item\":\"https:\\\/\\\/visitrydal.com\\\/\"},{\"@type\":\"ListItem\",\"position\":2,\"name\":\"F\u00f6rs\u00e4ljning &#8211; Stick och spinnfest 2026\"}]},{\"@type\":\"WebSite\",\"@id\":\"https:\\\/\\\/visitrydal.com\\\/#website\",\"url\":\"https:\\\/\\\/visitrydal.com\\\/\",\"name\":\"Visit Rydal\",\"description\":\"\",\"publisher\":{\"@id\":\"https:\\\/\\\/visitrydal.com\\\/#organization\"},\"potentialAction\":[{\"@type\":\"SearchAction\",\"target\":{\"@type\":\"EntryPoint\",\"urlTemplate\":\"https:\\\/\\\/visitrydal.com\\\/?s={search_term_string}\"},\"query-input\":{\"@type\":\"PropertyValueSpecification\",\"valueRequired\":true,\"valueName\":\"search_term_string\"}}],\"inLanguage\":\"en-GB\"},{\"@type\":\"Organization\",\"@id\":\"https:\\\/\\\/visitrydal.com\\\/#organization\",\"name\":\"Visit Rydal\",\"url\":\"https:\\\/\\\/visitrydal.com\\\/\",\"logo\":{\"@type\":\"ImageObject\",\"inLanguage\":\"en-GB\",\"@id\":\"https:\\\/\\\/visitrydal.com\\\/#\\\/schema\\\/logo\\\/image\\\/\",\"url\":\"https:\\\/\\\/visitrydal.com\\\/wp-content\\\/uploads\\\/2023\\\/06\\\/cropped-siteicon.png\",\"contentUrl\":\"https:\\\/\\\/visitrydal.com\\\/wp-content\\\/uploads\\\/2023\\\/06\\\/cropped-siteicon.png\",\"width\":512,\"height\":512,\"caption\":\"Visit Rydal\"},\"image\":{\"@id\":\"https:\\\/\\\/visitrydal.com\\\/#\\\/schema\\\/logo\\\/image\\\/\"}},{\"@type\":\"Person\",\"@id\":\"https:\\\/\\\/visitrydal.com\\\/#\\\/schema\\\/person\\\/3477be07bcb3acdfb7bfdcb913bea6b4\",\"name\":\"admin\",\"image\":{\"@type\":\"ImageObject\",\"inLanguage\":\"en-GB\",\"@id\":\"https:\\\/\\\/secure.gravatar.com\\\/avatar\\\/72127c8c45f68ca8ffbf4b86a62fec141db679ae75377bc79037987d9bc0ef40?s=96&d=mm&r=g\",\"url\":\"https:\\\/\\\/secure.gravatar.com\\\/avatar\\\/72127c8c45f68ca8ffbf4b86a62fec141db679ae75377bc79037987d9bc0ef40?s=96&d=mm&r=g\",\"contentUrl\":\"https:\\\/\\\/secure.gravatar.com\\\/avatar\\\/72127c8c45f68ca8ffbf4b86a62fec141db679ae75377bc79037987d9bc0ef40?s=96&d=mm&r=g\",\"caption\":\"admin\"},\"sameAs\":[\"https:\\\/\\\/visitrydal.com\"],\"url\":\"https:\\\/\\\/visitrydal.com\\\/en\\\/author\\\/admin\\\/\"}]}<\/script>\n<!-- \/ Yoast SEO plugin. -->","yoast_head_json":{"title":"F\u00f6rs\u00e4ljning - Stick och spinnfest 2026 - Visit Rydal","robots":{"index":"index","follow":"follow","max-snippet":"max-snippet:-1","max-image-preview":"max-image-preview:large","max-video-preview":"max-video-preview:-1"},"canonical":"https:\/\/visitrydal.com\/en\/forsaljning-stick-och-spinnfest-2026\/","og_locale":"en_GB","og_type":"article","og_title":"F\u00f6rs\u00e4ljning - Stick och spinnfest 2026 - Visit Rydal","og_description":"F\u00f6rs\u00e4ljare som s\u00e4ljer garn, b\u00f6cker och annat 10-11 oktober\u00d6ppettider 10-17.00 \u00a0V\u00e4lkommen till marknadsplatsen som \u00e4r i Abbotsalen p\u00e5 andra v\u00e5ning i museet. Den \u00e4r \u00a0fylld med f\u00f6rs\u00e4ljare som erbjuder allt fr\u00e5n garn och b\u00f6cker till andra produkter som har med stickning, virkning och spinning att g\u00f6ra. Det kommer att finnas m\u00f6jlighet att k\u00f6pa: Garn i [&hellip;]","og_url":"https:\/\/visitrydal.com\/en\/forsaljning-stick-och-spinnfest-2026\/","og_site_name":"Visit Rydal","article_published_time":"2026-03-07T15:30:26+00:00","article_modified_time":"2026-04-29T19:48:52+00:00","og_image":[{"width":851,"height":315,"url":"https:\/\/visitrydal.com\/wp-content\/uploads\/2025\/03\/Facebookomslag-Stick-och-spin-1.png","type":"image\/png"}],"author":"admin","twitter_card":"summary_large_image","twitter_misc":{"Written by":"admin","Estimated reading time":"14 minutes"},"schema":{"@context":"https:\/\/schema.org","@graph":[{"@type":"Article","@id":"https:\/\/visitrydal.com\/forsaljning-stick-och-spinnfest-2026\/#article","isPartOf":{"@id":"https:\/\/visitrydal.com\/forsaljning-stick-och-spinnfest-2026\/"},"author":{"name":"admin","@id":"https:\/\/visitrydal.com\/#\/schema\/person\/3477be07bcb3acdfb7bfdcb913bea6b4"},"headline":"F\u00f6rs\u00e4ljning &#8211; Stick och spinnfest 2026","datePublished":"2026-03-07T15:30:26+00:00","dateModified":"2026-04-29T19:48:52+00:00","mainEntityOfPage":{"@id":"https:\/\/visitrydal.com\/forsaljning-stick-och-spinnfest-2026\/"},"wordCount":2210,"publisher":{"@id":"https:\/\/visitrydal.com\/#organization"},"image":{"@id":"https:\/\/visitrydal.com\/forsaljning-stick-och-spinnfest-2026\/#primaryimage"},"thumbnailUrl":"https:\/\/visitrydal.com\/wp-content\/uploads\/2025\/03\/Facebookomslag-Stick-och-spin-1.png","articleSection":["Aktiviteter-2026"],"inLanguage":"en-GB"},{"@type":"WebPage","@id":"https:\/\/visitrydal.com\/forsaljning-stick-och-spinnfest-2026\/","url":"https:\/\/visitrydal.com\/forsaljning-stick-och-spinnfest-2026\/","name":"F\u00f6rs\u00e4ljning - Stick och spinnfest 2026 - Visit Rydal","isPartOf":{"@id":"https:\/\/visitrydal.com\/#website"},"primaryImageOfPage":{"@id":"https:\/\/visitrydal.com\/forsaljning-stick-och-spinnfest-2026\/#primaryimage"},"image":{"@id":"https:\/\/visitrydal.com\/forsaljning-stick-och-spinnfest-2026\/#primaryimage"},"thumbnailUrl":"https:\/\/visitrydal.com\/wp-content\/uploads\/2025\/03\/Facebookomslag-Stick-och-spin-1.png","datePublished":"2026-03-07T15:30:26+00:00","dateModified":"2026-04-29T19:48:52+00:00","breadcrumb":{"@id":"https:\/\/visitrydal.com\/forsaljning-stick-och-spinnfest-2026\/#breadcrumb"},"inLanguage":"en-GB","potentialAction":[{"@type":"ReadAction","target":["https:\/\/visitrydal.com\/forsaljning-stick-och-spinnfest-2026\/"]}]},{"@type":"ImageObject","inLanguage":"en-GB","@id":"https:\/\/visitrydal.com\/forsaljning-stick-och-spinnfest-2026\/#primaryimage","url":"https:\/\/visitrydal.com\/wp-content\/uploads\/2025\/03\/Facebookomslag-Stick-och-spin-1.png","contentUrl":"https:\/\/visitrydal.com\/wp-content\/uploads\/2025\/03\/Facebookomslag-Stick-och-spin-1.png","width":851,"height":315},{"@type":"BreadcrumbList","@id":"https:\/\/visitrydal.com\/forsaljning-stick-och-spinnfest-2026\/#breadcrumb","itemListElement":[{"@type":"ListItem","position":1,"name":"Home","item":"https:\/\/visitrydal.com\/"},{"@type":"ListItem","position":2,"name":"F\u00f6rs\u00e4ljning &#8211; Stick och spinnfest 2026"}]},{"@type":"WebSite","@id":"https:\/\/visitrydal.com\/#website","url":"https:\/\/visitrydal.com\/","name":"Visit Rydal","description":"","publisher":{"@id":"https:\/\/visitrydal.com\/#organization"},"potentialAction":[{"@type":"SearchAction","target":{"@type":"EntryPoint","urlTemplate":"https:\/\/visitrydal.com\/?s={search_term_string}"},"query-input":{"@type":"PropertyValueSpecification","valueRequired":true,"valueName":"search_term_string"}}],"inLanguage":"en-GB"},{"@type":"Organization","@id":"https:\/\/visitrydal.com\/#organization","name":"Visit Rydal","url":"https:\/\/visitrydal.com\/","logo":{"@type":"ImageObject","inLanguage":"en-GB","@id":"https:\/\/visitrydal.com\/#\/schema\/logo\/image\/","url":"https:\/\/visitrydal.com\/wp-content\/uploads\/2023\/06\/cropped-siteicon.png","contentUrl":"https:\/\/visitrydal.com\/wp-content\/uploads\/2023\/06\/cropped-siteicon.png","width":512,"height":512,"caption":"Visit Rydal"},"image":{"@id":"https:\/\/visitrydal.com\/#\/schema\/logo\/image\/"}},{"@type":"Person","@id":"https:\/\/visitrydal.com\/#\/schema\/person\/3477be07bcb3acdfb7bfdcb913bea6b4","name":"admin","image":{"@type":"ImageObject","inLanguage":"en-GB","@id":"https:\/\/secure.gravatar.com\/avatar\/72127c8c45f68ca8ffbf4b86a62fec141db679ae75377bc79037987d9bc0ef40?s=96&d=mm&r=g","url":"https:\/\/secure.gravatar.com\/avatar\/72127c8c45f68ca8ffbf4b86a62fec141db679ae75377bc79037987d9bc0ef40?s=96&d=mm&r=g","contentUrl":"https:\/\/secure.gravatar.com\/avatar\/72127c8c45f68ca8ffbf4b86a62fec141db679ae75377bc79037987d9bc0ef40?s=96&d=mm&r=g","caption":"admin"},"sameAs":["https:\/\/visitrydal.com"],"url":"https:\/\/visitrydal.com\/en\/author\/admin\/"}]}},"_links":{"self":[{"href":"https:\/\/visitrydal.com\/en\/wp-json\/wp\/v2\/posts\/8414","targetHints":{"allow":["GET"]}}],"collection":[{"href":"https:\/\/visitrydal.com\/en\/wp-json\/wp\/v2\/posts"}],"about":[{"href":"https:\/\/visitrydal.com\/en\/wp-json\/wp\/v2\/types\/post"}],"author":[{"embeddable":true,"href":"https:\/\/visitrydal.com\/en\/wp-json\/wp\/v2\/users\/1"}],"replies":[{"embeddable":true,"href":"https:\/\/visitrydal.com\/en\/wp-json\/wp\/v2\/comments?post=8414"}],"version-history":[{"count":19,"href":"https:\/\/visitrydal.com\/en\/wp-json\/wp\/v2\/posts\/8414\/revisions"}],"predecessor-version":[{"id":8628,"href":"https:\/\/visitrydal.com\/en\/wp-json\/wp\/v2\/posts\/8414\/revisions\/8628"}],"wp:featuredmedia":[{"embeddable":true,"href":"https:\/\/visitrydal.com\/en\/wp-json\/wp\/v2\/media\/6818"}],"wp:attachment":[{"href":"https:\/\/visitrydal.com\/en\/wp-json\/wp\/v2\/media?parent=8414"}],"wp:term":[{"taxonomy":"category","embeddable":true,"href":"https:\/\/visitrydal.com\/en\/wp-json\/wp\/v2\/categories?post=8414"},{"taxonomy":"post_tag","embeddable":true,"href":"https:\/\/visitrydal.com\/en\/wp-json\/wp\/v2\/tags?post=8414"}],"curies":[{"name":"wp","href":"https:\/\/api.w.org\/{rel}","templated":true}]}}