{"id":6811,"date":"2025-03-01T12:07:52","date_gmt":"2025-03-01T12:07:52","guid":{"rendered":"https:\/\/visitrydal.com\/?p=6811"},"modified":"2025-10-03T19:00:58","modified_gmt":"2025-10-03T19:00:58","slug":"forelasningar-stick-och-spinnfest-2025","status":"publish","type":"post","link":"https:\/\/visitrydal.com\/en\/forelasningar-stick-och-spinnfest-2025\/","title":{"rendered":"Lectures \u2013 Knitting and Spinning Festival 2025"},"content":{"rendered":"<div data-elementor-type=\"wp-post\" data-elementor-id=\"6811\" class=\"elementor elementor-6811\">\n\t\t\t\t\t\t<section class=\"elementor-section elementor-top-section elementor-element elementor-element-f824a12 elementor-section-boxed elementor-section-height-default elementor-section-height-default\" data-id=\"f824a12\" data-element_type=\"section\">\n\t\t\t\t\t\t<div class=\"elementor-container elementor-column-gap-default\">\n\t\t\t\t\t<div class=\"elementor-column elementor-col-100 elementor-top-column elementor-element elementor-element-42260d2\" data-id=\"42260d2\" data-element_type=\"column\">\n\t\t\t<div class=\"elementor-widget-wrap elementor-element-populated\">\n\t\t\t\t\t\t<div class=\"elementor-element elementor-element-5df8a7d elementor-widget elementor-widget-text-editor\" data-id=\"5df8a7d\" data-element_type=\"widget\" data-widget_type=\"text-editor.default\">\n\t\t\t\t<div class=\"elementor-widget-container\">\n\t\t\t\t\t\t\t\t\t<p style=\"text-align: center;\"><span style=\"color: #000000;\">You can register for admission, lectures and workshops during the Knitting and Spinning Festival in Rydal through a link to Studief\u00f6rbundet Vuxenskolan.<br \/><\/span><\/p><p><span style=\"color: #000000;\">Below are links to lectures and entrance fees and under the workshop tab you will find links to book workshops.<\/span><\/p>\t\t\t\t\t\t\t\t<\/div>\n\t\t\t\t<\/div>\n\t\t\t\t\t<\/div>\n\t\t<\/div>\n\t\t\t\t\t<\/div>\n\t\t<\/section>\n\t\t\t\t<section class=\"elementor-section elementor-top-section elementor-element elementor-element-dd6aacf elementor-section-boxed elementor-section-height-default elementor-section-height-default\" data-id=\"dd6aacf\" data-element_type=\"section\">\n\t\t\t\t\t\t<div class=\"elementor-container elementor-column-gap-default\">\n\t\t\t\t\t<div class=\"elementor-column elementor-col-100 elementor-top-column elementor-element elementor-element-330e65c\" data-id=\"330e65c\" data-element_type=\"column\">\n\t\t\t<div class=\"elementor-widget-wrap elementor-element-populated\">\n\t\t\t\t\t\t<div class=\"elementor-element elementor-element-ff9674f elementor-widget-divider--view-line elementor-widget elementor-widget-divider\" data-id=\"ff9674f\" data-element_type=\"widget\" data-widget_type=\"divider.default\">\n\t\t\t\t<div class=\"elementor-widget-container\">\n\t\t\t\t\t\t\t<div class=\"elementor-divider\">\n\t\t\t<span class=\"elementor-divider-separator\">\n\t\t\t\t\t\t<\/span>\n\t\t<\/div>\n\t\t\t\t\t\t<\/div>\n\t\t\t\t<\/div>\n\t\t\t\t\t<\/div>\n\t\t<\/div>\n\t\t\t\t\t<\/div>\n\t\t<\/section>\n\t\t\t\t<section class=\"elementor-section elementor-top-section elementor-element elementor-element-01680b8 elementor-section-full_width elementor-section-height-default elementor-section-height-default\" data-id=\"01680b8\" data-element_type=\"section\">\n\t\t\t\t\t\t<div class=\"elementor-container elementor-column-gap-default\">\n\t\t\t\t\t<div class=\"elementor-column elementor-col-50 elementor-top-column elementor-element elementor-element-a51d32c\" data-id=\"a51d32c\" data-element_type=\"column\">\n\t\t\t<div class=\"elementor-widget-wrap elementor-element-populated\">\n\t\t\t\t\t\t<div class=\"elementor-element elementor-element-adfa261 elementor-widget elementor-widget-image\" data-id=\"adfa261\" data-element_type=\"widget\" data-widget_type=\"image.default\">\n\t\t\t\t<div class=\"elementor-widget-container\">\n\t\t\t\t\t\t\t\t\t\t\t\t\t\t\t<img fetchpriority=\"high\" decoding=\"async\" width=\"687\" height=\"1024\" src=\"https:\/\/visitrydal.com\/wp-content\/uploads\/2025\/03\/annastege-1-bild-workshop-foredrag-687x1024.jpeg\" class=\"attachment-large size-large wp-image-6849\" alt=\"\" srcset=\"https:\/\/visitrydal.com\/wp-content\/uploads\/2025\/03\/annastege-1-bild-workshop-foredrag-687x1024.jpeg 687w, https:\/\/visitrydal.com\/wp-content\/uploads\/2025\/03\/annastege-1-bild-workshop-foredrag-201x300.jpeg 201w, https:\/\/visitrydal.com\/wp-content\/uploads\/2025\/03\/annastege-1-bild-workshop-foredrag-768x1144.jpeg 768w, https:\/\/visitrydal.com\/wp-content\/uploads\/2025\/03\/annastege-1-bild-workshop-foredrag-8x12.jpeg 8w, https:\/\/visitrydal.com\/wp-content\/uploads\/2025\/03\/annastege-1-bild-workshop-foredrag-268x400.jpeg 268w, https:\/\/visitrydal.com\/wp-content\/uploads\/2025\/03\/annastege-1-bild-workshop-foredrag.jpeg 859w\" sizes=\"(max-width: 687px) 100vw, 687px\" \/>\t\t\t\t\t\t\t\t\t\t\t\t\t\t\t<\/div>\n\t\t\t\t<\/div>\n\t\t\t\t\t<\/div>\n\t\t<\/div>\n\t\t\t\t<div class=\"elementor-column elementor-col-50 elementor-top-column elementor-element elementor-element-17d1f43\" data-id=\"17d1f43\" data-element_type=\"column\">\n\t\t\t<div class=\"elementor-widget-wrap elementor-element-populated\">\n\t\t\t\t\t\t<div class=\"elementor-element elementor-element-34e0171 elementor-widget elementor-widget-heading\" data-id=\"34e0171\" data-element_type=\"widget\" data-widget_type=\"heading.default\">\n\t\t\t\t<div class=\"elementor-widget-container\">\n\t\t\t\t\t<h2 class=\"elementor-heading-title elementor-size-default\">&quot;From the mind to the what?&quot;<br>\nWhy am I doing this and why?<br><\/h2>\t\t\t\t<\/div>\n\t\t\t\t<\/div>\n\t\t\t\t<div class=\"elementor-element elementor-element-079c996 elementor-widget elementor-widget-text-editor\" data-id=\"079c996\" data-element_type=\"widget\" data-widget_type=\"text-editor.default\">\n\t\t\t\t<div class=\"elementor-widget-container\">\n\t\t\t\t\t\t\t\t\t<p>Why am I doing this and why?<\/p><p>An artist talk with knitting in focus, about inspiration, color phobia and the importance of persistence\u2026<\/p>\t\t\t\t\t\t\t\t<\/div>\n\t\t\t\t<\/div>\n\t\t\t\t<div class=\"elementor-element elementor-element-84c1214 elementor-widget elementor-widget-heading\" data-id=\"84c1214\" data-element_type=\"widget\" data-widget_type=\"heading.default\">\n\t\t\t\t<div class=\"elementor-widget-container\">\n\t\t\t\t\t<h4 class=\"elementor-heading-title elementor-size-default\">\nAnna Bauer <br>October 11 10:30-11:30<\/h4>\t\t\t\t<\/div>\n\t\t\t\t<\/div>\n\t\t\t\t<div class=\"elementor-element elementor-element-b054c53 elementor-widget elementor-widget-text-editor\" data-id=\"b054c53\" data-element_type=\"widget\" data-widget_type=\"text-editor.default\">\n\t\t\t\t<div class=\"elementor-widget-container\">\n\t\t\t\t\t\t\t\t\t<p>Anna Bauer is a textile artist educated at the School of Design and Crafts, living and working in Gothenburg. She has published the books \u201cH\u00f6nsestrik a love story\u201d, \u201cH\u00f6nsestrik forever\u201d at Roos &amp; Tegn\u00e9r f\u00f6rlag and \u201cF\u00e4rga garn och sticka\u201d (together with Eva Zethraeus), \u201cKofta och kl\u00e4nning\u201d and \u201cAnna Bauers m\u00f6rsnorbok\u201d at Polaris f\u00f6rlag.<\/p><p>Anna Bauer will have books for sale and will sign your book.<\/p><p>Find out more about Anna Bauer:\u00a0 <a href=\"https:\/\/annabauer.se\/\">https:\/\/annabauer.se\/<\/a>\u00a0<\/p><p>Instagram @annabauergbg Facebook:Anna Bauer<\/p><p>The lecture is included in the entrance ticket which is 100 SEK or if you attend a workshop then the entrance ticket is included.<\/p><p>\u00a0Places for the lecture can be booked here: <a href=\"https:\/\/www.sv.se\/kurser-och-evenemang\/hantverk-och-konst\/stick-och-spinn-foredrag-med-anna-bauer-58813\">Anna Bauer lecture<\/a><\/p><p><strong>OBS! Om det blir fullbokat\u00a0 d\u00e5 kan d<\/strong><strong>u ist\u00e4llet lyssna p\u00e5 Per Gustavsson som sitter vid sin spinnrock och spinner och ber\u00e4ttar sagor, s\u00e4gner och g\u00e5tor kring linet i Museets basutst\u00e4llning.<\/strong><\/p><p><strong>L\u00f6rdag 11\/10 kl. 10.00 och 11.30 <\/strong>(se text h\u00e4runder) Ingen anm\u00e4lan beh\u00f6vs!<\/p><p>Vid anm\u00e4lan f\u00f6redrag ing\u00e5r entr\u00e9biljett. <strong>Limited number of seats.<\/strong> Man m\u00e5ste boka f\u00f6r att g\u00e5 p\u00e5 f\u00f6redraget.<\/p><p>Plats: Rydals museum , Lokal \u00c5b\u00f6nninga plan 2<\/p>\t\t\t\t\t\t\t\t<\/div>\n\t\t\t\t<\/div>\n\t\t\t\t\t<\/div>\n\t\t<\/div>\n\t\t\t\t\t<\/div>\n\t\t<\/section>\n\t\t\t\t<section class=\"elementor-section elementor-top-section elementor-element elementor-element-11c7fe1d elementor-section-boxed elementor-section-height-default elementor-section-height-default\" data-id=\"11c7fe1d\" data-element_type=\"section\">\n\t\t\t\t\t\t<div class=\"elementor-container elementor-column-gap-default\">\n\t\t\t\t\t<div class=\"elementor-column elementor-col-100 elementor-top-column elementor-element elementor-element-23dcdc82\" data-id=\"23dcdc82\" data-element_type=\"column\">\n\t\t\t<div class=\"elementor-widget-wrap elementor-element-populated\">\n\t\t\t\t\t\t<div class=\"elementor-element elementor-element-6afa6b4 elementor-widget-divider--view-line elementor-widget elementor-widget-divider\" data-id=\"6afa6b4\" data-element_type=\"widget\" data-widget_type=\"divider.default\">\n\t\t\t\t<div class=\"elementor-widget-container\">\n\t\t\t\t\t\t\t<div class=\"elementor-divider\">\n\t\t\t<span class=\"elementor-divider-separator\">\n\t\t\t\t\t\t<\/span>\n\t\t<\/div>\n\t\t\t\t\t\t<\/div>\n\t\t\t\t<\/div>\n\t\t\t\t<div class=\"elementor-element elementor-element-68878a6d elementor-widget elementor-widget-spacer\" data-id=\"68878a6d\" data-element_type=\"widget\" data-widget_type=\"spacer.default\">\n\t\t\t\t<div class=\"elementor-widget-container\">\n\t\t\t\t\t\t\t<div class=\"elementor-spacer\">\n\t\t\t<div class=\"elementor-spacer-inner\"><\/div>\n\t\t<\/div>\n\t\t\t\t\t\t<\/div>\n\t\t\t\t<\/div>\n\t\t\t\t\t<\/div>\n\t\t<\/div>\n\t\t\t\t\t<\/div>\n\t\t<\/section>\n\t\t\t\t<section class=\"elementor-section elementor-top-section elementor-element elementor-element-52e9c931 elementor-section-full_width elementor-section-height-default elementor-section-height-default\" data-id=\"52e9c931\" data-element_type=\"section\">\n\t\t\t\t\t\t<div class=\"elementor-container elementor-column-gap-default\">\n\t\t\t\t\t<div class=\"elementor-column elementor-col-50 elementor-top-column elementor-element elementor-element-53dd4277\" data-id=\"53dd4277\" data-element_type=\"column\">\n\t\t\t<div class=\"elementor-widget-wrap elementor-element-populated\">\n\t\t\t\t\t\t<div class=\"elementor-element elementor-element-648e3b54 elementor-widget elementor-widget-image\" data-id=\"648e3b54\" data-element_type=\"widget\" data-widget_type=\"image.default\">\n\t\t\t\t<div class=\"elementor-widget-container\">\n\t\t\t\t\t\t\t\t\t\t\t\t\t\t\t<img decoding=\"async\" width=\"592\" height=\"471\" src=\"https:\/\/visitrydal.com\/wp-content\/uploads\/2025\/03\/Anna-josefsson-.jpeg\" class=\"attachment-large size-large wp-image-6854\" alt=\"\" srcset=\"https:\/\/visitrydal.com\/wp-content\/uploads\/2025\/03\/Anna-josefsson-.jpeg 592w, https:\/\/visitrydal.com\/wp-content\/uploads\/2025\/03\/Anna-josefsson--300x239.jpeg 300w, https:\/\/visitrydal.com\/wp-content\/uploads\/2025\/03\/Anna-josefsson--15x12.jpeg 15w, https:\/\/visitrydal.com\/wp-content\/uploads\/2025\/03\/Anna-josefsson--503x400.jpeg 503w\" sizes=\"(max-width: 592px) 100vw, 592px\" \/>\t\t\t\t\t\t\t\t\t\t\t\t\t\t\t<\/div>\n\t\t\t\t<\/div>\n\t\t\t\t<div class=\"elementor-element elementor-element-10e1013 elementor-widget elementor-widget-image\" data-id=\"10e1013\" data-element_type=\"widget\" data-widget_type=\"image.default\">\n\t\t\t\t<div class=\"elementor-widget-container\">\n\t\t\t\t\t\t\t\t\t\t\t\t\t\t\t<img decoding=\"async\" width=\"1024\" height=\"797\" src=\"https:\/\/visitrydal.com\/wp-content\/uploads\/2025\/03\/Genseystickning-1024x797.jpg\" class=\"attachment-large size-large wp-image-6855\" alt=\"\" srcset=\"https:\/\/visitrydal.com\/wp-content\/uploads\/2025\/03\/Genseystickning-1024x797.jpg 1024w, https:\/\/visitrydal.com\/wp-content\/uploads\/2025\/03\/Genseystickning-300x233.jpg 300w, https:\/\/visitrydal.com\/wp-content\/uploads\/2025\/03\/Genseystickning-768x598.jpg 768w, https:\/\/visitrydal.com\/wp-content\/uploads\/2025\/03\/Genseystickning-1536x1195.jpg 1536w, https:\/\/visitrydal.com\/wp-content\/uploads\/2025\/03\/Genseystickning-2048x1594.jpg 2048w, https:\/\/visitrydal.com\/wp-content\/uploads\/2025\/03\/Genseystickning-15x12.jpg 15w, https:\/\/visitrydal.com\/wp-content\/uploads\/2025\/03\/Genseystickning-514x400.jpg 514w\" sizes=\"(max-width: 1024px) 100vw, 1024px\" \/>\t\t\t\t\t\t\t\t\t\t\t\t\t\t\t<\/div>\n\t\t\t\t<\/div>\n\t\t\t\t\t<\/div>\n\t\t<\/div>\n\t\t\t\t<div class=\"elementor-column elementor-col-50 elementor-top-column elementor-element elementor-element-7116510\" data-id=\"7116510\" data-element_type=\"column\">\n\t\t\t<div class=\"elementor-widget-wrap elementor-element-populated\">\n\t\t\t\t\t\t<div class=\"elementor-element elementor-element-46c0af01 elementor-widget elementor-widget-heading\" data-id=\"46c0af01\" data-element_type=\"widget\" data-widget_type=\"heading.default\">\n\t\t\t\t<div class=\"elementor-widget-container\">\n\t\t\t\t\t<h2 class=\"elementor-heading-title elementor-size-default\">What is a Fisherman&#039;s Gansey? <\/h2>\t\t\t\t<\/div>\n\t\t\t\t<\/div>\n\t\t\t\t<div class=\"elementor-element elementor-element-a844994 elementor-widget elementor-widget-heading\" data-id=\"a844994\" data-element_type=\"widget\" data-widget_type=\"heading.default\">\n\t\t\t\t<div class=\"elementor-widget-container\">\n\t\t\t\t\t<h4 class=\"elementor-heading-title elementor-size-default\">Welcome to listen to lectures with<br>\n\nAnna Josefsson<br>\nSunday 12\/10 at 10.30 \u2013 11.30<\/h4>\t\t\t\t<\/div>\n\t\t\t\t<\/div>\n\t\t\t\t<div class=\"elementor-element elementor-element-da773d6 elementor-widget elementor-widget-spacer\" data-id=\"da773d6\" data-element_type=\"widget\" data-widget_type=\"spacer.default\">\n\t\t\t\t<div class=\"elementor-widget-container\">\n\t\t\t\t\t\t\t<div class=\"elementor-spacer\">\n\t\t\t<div class=\"elementor-spacer-inner\"><\/div>\n\t\t<\/div>\n\t\t\t\t\t\t<\/div>\n\t\t\t\t<\/div>\n\t\t\t\t<div class=\"elementor-element elementor-element-a6badc2 elementor-widget elementor-widget-text-editor\" data-id=\"a6badc2\" data-element_type=\"widget\" data-widget_type=\"text-editor.default\">\n\t\t\t\t<div class=\"elementor-widget-container\">\n\t\t\t\t\t\t\t\t\t<p>A Fisherman&#039;s Gansey is a knitted functional garment with a rich history!<br \/>Anna Josefsson has delved into the culture of fishing sweaters in the North Sea region and has documented how they have been knitted and used. Here she tells more about the sweaters&#039; traditions, garment construction, and knitting techniques.<br \/>The fishing sweaters from the different locations around the North Sea have both similarities and differences. Each garment has its own history \u2013 symbols, colour and choice of yarn vary. Ganseys have been worn by fishermen and sailors around the British Isles and the English Channel. Historical ganseys are often named after the places where they were documented and different areas of Britain have developed different styles and patterns.<br \/>Anna grew up by the sea in Bohusl\u00e4n and has a lifelong interest in knitting, especially garments used at sea. With over 15 years of experience as a course leader and a pedagogical degree in her background, Anna combines her knowledge of textile techniques with a passion for ganseys. She has taught at knitting festivals and textile events both in Sweden and abroad. She creates textiles and teaches various techniques in her company Vinterverkstan, but is also a seaweed diver, fisher and teaches biology.<br \/>Want to know more about Anna Josefsson :<a href=\"https:\/\/www.vinterverkstan.se\/hem.html\">https:\/\/www.vinterverkstan.se\/hem.html<\/a>\u00a0<br \/>Instagram: @ Vinterverkstan Facebook:Vinterverkstan<br \/>The lecture is included in the entrance ticket which is 100 SEK or if you attend a workshop then entrance is included.<span style=\"color: #0000ff;\"><span style=\"font-family: Arial, sans-serif;\"><span style=\"font-size: medium;\">\u00a0 \u00a0 \u00a0 \u00a0 \u00a0 \u00a0 \u00a0 \u00a0 \u00a0 \u00a0 \u00a0 \u00a0 \u00a0 \u00a0 \u00a0 \u00a0 \u00a0 \u00a0 \u00a0 \u00a0 \u00a0 \u00a0 \u00a0 \u00a0 \u00a0 \u00a0 \u00a0 \u00a0 \u00a0 \u00a0 \u00a0 \u00a0 \u00a0 \u00a0 \u00a0 \u00a0 \u00a0 \u00a0 \u00a0 \u00a0 \u00a0 \u00a0 \u00a0 \u00a0 \u00a0 <span style=\"color: #000000;\">P<\/span><\/span><\/span><\/span><span style=\"color: #000000;\">l<\/span>Tickets for the lecture can be booked here: <a href=\"https:\/\/www.sv.se\/kurser-och-evenemang\/hantverk-och-konst\/stick-och-spinn-foredrag-med-anna-josefsson-58814\">Speech Anna Josefsson<\/a> This includes an entrance ticket. Limited number of seats. You must book to attend the lecture.<br \/>Plats: Rydals museum, lokal \u00c5b\u00f6nninge plan 2<\/p>\t\t\t\t\t\t\t\t<\/div>\n\t\t\t\t<\/div>\n\t\t\t\t\t<\/div>\n\t\t<\/div>\n\t\t\t\t\t<\/div>\n\t\t<\/section>\n\t\t\t\t<section class=\"elementor-section elementor-top-section elementor-element elementor-element-dd5cdab elementor-section-boxed elementor-section-height-default elementor-section-height-default\" data-id=\"dd5cdab\" data-element_type=\"section\">\n\t\t\t\t\t\t<div class=\"elementor-container elementor-column-gap-default\">\n\t\t\t\t\t<div class=\"elementor-column elementor-col-100 elementor-top-column elementor-element elementor-element-b465cb9\" data-id=\"b465cb9\" data-element_type=\"column\">\n\t\t\t<div class=\"elementor-widget-wrap elementor-element-populated\">\n\t\t\t\t\t\t<div class=\"elementor-element elementor-element-146c659 elementor-widget-divider--view-line elementor-widget elementor-widget-divider\" data-id=\"146c659\" data-element_type=\"widget\" data-widget_type=\"divider.default\">\n\t\t\t\t<div class=\"elementor-widget-container\">\n\t\t\t\t\t\t\t<div class=\"elementor-divider\">\n\t\t\t<span class=\"elementor-divider-separator\">\n\t\t\t\t\t\t<\/span>\n\t\t<\/div>\n\t\t\t\t\t\t<\/div>\n\t\t\t\t<\/div>\n\t\t\t\t\t<\/div>\n\t\t<\/div>\n\t\t\t\t\t<\/div>\n\t\t<\/section>\n\t\t\t\t<section class=\"elementor-section elementor-top-section elementor-element elementor-element-78c0c14 elementor-section-boxed elementor-section-height-default elementor-section-height-default\" data-id=\"78c0c14\" data-element_type=\"section\">\n\t\t\t\t\t\t<div class=\"elementor-container elementor-column-gap-default\">\n\t\t\t\t\t<div class=\"elementor-column elementor-col-100 elementor-top-column elementor-element elementor-element-b863ee0\" data-id=\"b863ee0\" data-element_type=\"column\">\n\t\t\t<div class=\"elementor-widget-wrap elementor-element-populated\">\n\t\t\t\t\t\t<div class=\"elementor-element elementor-element-9842aeb elementor-widget elementor-widget-spacer\" data-id=\"9842aeb\" data-element_type=\"widget\" data-widget_type=\"spacer.default\">\n\t\t\t\t<div class=\"elementor-widget-container\">\n\t\t\t\t\t\t\t<div class=\"elementor-spacer\">\n\t\t\t<div class=\"elementor-spacer-inner\"><\/div>\n\t\t<\/div>\n\t\t\t\t\t\t<\/div>\n\t\t\t\t<\/div>\n\t\t\t\t\t<\/div>\n\t\t<\/div>\n\t\t\t\t\t<\/div>\n\t\t<\/section>\n\t\t\t\t<section class=\"elementor-section elementor-top-section elementor-element elementor-element-4045a50 elementor-section-full_width elementor-section-height-default elementor-section-height-default\" data-id=\"4045a50\" data-element_type=\"section\">\n\t\t\t\t\t\t<div class=\"elementor-container elementor-column-gap-default\">\n\t\t\t\t\t<div class=\"elementor-column elementor-col-50 elementor-top-column elementor-element elementor-element-e13fda3\" data-id=\"e13fda3\" data-element_type=\"column\">\n\t\t\t<div class=\"elementor-widget-wrap elementor-element-populated\">\n\t\t\t\t\t\t<div class=\"elementor-element elementor-element-91c324c elementor-widget elementor-widget-image\" data-id=\"91c324c\" data-element_type=\"widget\" data-widget_type=\"image.default\">\n\t\t\t\t<div class=\"elementor-widget-container\">\n\t\t\t\t\t\t\t\t\t\t\t\t\t\t\t<img loading=\"lazy\" decoding=\"async\" width=\"768\" height=\"1024\" src=\"https:\/\/visitrydal.com\/wp-content\/uploads\/2025\/03\/Per-Gustafsson-768x1024.jpg\" class=\"attachment-large size-large wp-image-7538\" alt=\"\" srcset=\"https:\/\/visitrydal.com\/wp-content\/uploads\/2025\/03\/Per-Gustafsson-768x1025.jpg 768w, https:\/\/visitrydal.com\/wp-content\/uploads\/2025\/03\/Per-Gustafsson-225x300.jpg 225w, https:\/\/visitrydal.com\/wp-content\/uploads\/2025\/03\/Per-Gustafsson-9x12.jpg 9w, https:\/\/visitrydal.com\/wp-content\/uploads\/2025\/03\/Per-Gustafsson-300x400.jpg 300w, https:\/\/visitrydal.com\/wp-content\/uploads\/2025\/03\/Per-Gustafsson.jpg 850w\" sizes=\"(max-width: 768px) 100vw, 768px\" \/>\t\t\t\t\t\t\t\t\t\t\t\t\t\t\t<\/div>\n\t\t\t\t<\/div>\n\t\t\t\t\t<\/div>\n\t\t<\/div>\n\t\t\t\t<div class=\"elementor-column elementor-col-50 elementor-top-column elementor-element elementor-element-f58b790\" data-id=\"f58b790\" data-element_type=\"column\">\n\t\t\t<div class=\"elementor-widget-wrap elementor-element-populated\">\n\t\t\t\t\t\t<div class=\"elementor-element elementor-element-b990b55 elementor-widget elementor-widget-heading\" data-id=\"b990b55\" data-element_type=\"widget\" data-widget_type=\"heading.default\">\n\t\t\t\t<div class=\"elementor-widget-container\">\n\t\t\t\t\t<h2 class=\"elementor-heading-title elementor-size-default\">Small as a louse, clothes the whole king's house<\/h2>\t\t\t\t<\/div>\n\t\t\t\t<\/div>\n\t\t\t\t<div class=\"elementor-element elementor-element-99fa43a elementor-widget elementor-widget-heading\" data-id=\"99fa43a\" data-element_type=\"widget\" data-widget_type=\"heading.default\">\n\t\t\t\t<div class=\"elementor-widget-container\">\n\t\t\t\t\t<h4 class=\"elementor-heading-title elementor-size-default\">Per Gustavsson sits at his spinning wheel and spins and tells fairy tales, legends and riddles about the flax. <br>\nSaturday 11\/10 at 10.00 and 11.30<\/h4>\t\t\t\t<\/div>\n\t\t\t\t<\/div>\n\t\t\t\t<div class=\"elementor-element elementor-element-5cb830f elementor-widget elementor-widget-text-editor\" data-id=\"5cb830f\" data-element_type=\"widget\" data-widget_type=\"text-editor.default\">\n\t\t\t\t<div class=\"elementor-widget-container\">\n\t\t\t\t\t\t\t\t\t<p>As the thread grows between fingers, the thread of the story is spun. Artfully crafted flax brackets, painted beech trees and other gifts from suitors inspire stories. The audience can follow the path from flax seed to finished fabric.<\/p>\n<p>Plats:I basutst\u00e4llningen p\u00e5 Rydals museum plan 1.<\/p>\n<p>Time: 10.00- approx. 10.40 and 11.30- approx. 12.10<\/p>\n<p>Storytellers are included in the entrance ticket which can be booked here:&nbsp; &nbsp; &nbsp; &nbsp; &nbsp; &nbsp; &nbsp; <span style=\"color: #00ccff;\"><a style=\"color: #00ccff;\" href=\"https:\/\/sv.bmc.nu\/Modules\/Event\/Public\/Event.aspx?EventId=165&amp;EventGuid=5116fbe7-2230-4d6f-a032-2ecd00dec70d\"><span style=\"font-family: Arial, sans-serif;\"><span style=\"font-size: medium;\">Registration entrance&nbsp; <\/span><\/span><\/a>&nbsp; &nbsp; &nbsp; &nbsp; &nbsp; &nbsp; &nbsp; &nbsp; &nbsp; &nbsp; &nbsp; &nbsp; &nbsp; &nbsp; &nbsp; &nbsp; &nbsp; &nbsp; &nbsp; &nbsp; <\/span><\/p>\n<p>Presentation: Per Gustavsson \u00e4r sagober\u00e4ttare och f\u00f6rfattare och en f\u00f6rgrundsgestalt inom den svenska ber\u00e4ttar r\u00f6relsen.&nbsp; &nbsp; &nbsp; &nbsp; &nbsp; &nbsp; &nbsp; &nbsp; &nbsp; &nbsp; &nbsp; &nbsp; &nbsp;<\/p>\n<p>&nbsp;L\u00e4s mer p\u00e5 : <a href=\"https:\/\/www.pergustavsson.nu\/\">https:\/\/www.pergustavsson.nu\/<\/a>&nbsp;<\/p>\t\t\t\t\t\t\t\t<\/div>\n\t\t\t\t<\/div>\n\t\t\t\t\t<\/div>\n\t\t<\/div>\n\t\t\t\t\t<\/div>\n\t\t<\/section>\n\t\t\t\t<section class=\"elementor-section elementor-top-section elementor-element elementor-element-b212165 elementor-section-boxed elementor-section-height-default elementor-section-height-default\" data-id=\"b212165\" data-element_type=\"section\">\n\t\t\t\t\t\t<div class=\"elementor-container elementor-column-gap-default\">\n\t\t\t\t\t<div class=\"elementor-column elementor-col-100 elementor-top-column elementor-element elementor-element-3307692\" data-id=\"3307692\" data-element_type=\"column\">\n\t\t\t<div class=\"elementor-widget-wrap elementor-element-populated\">\n\t\t\t\t\t\t<div class=\"elementor-element elementor-element-523fa924 elementor-widget-divider--view-line elementor-widget elementor-widget-divider\" data-id=\"523fa924\" data-element_type=\"widget\" data-widget_type=\"divider.default\">\n\t\t\t\t<div class=\"elementor-widget-container\">\n\t\t\t\t\t\t\t<div class=\"elementor-divider\">\n\t\t\t<span class=\"elementor-divider-separator\">\n\t\t\t\t\t\t<\/span>\n\t\t<\/div>\n\t\t\t\t\t\t<\/div>\n\t\t\t\t<\/div>\n\t\t\t\t<div class=\"elementor-element elementor-element-788503f elementor-widget elementor-widget-image\" data-id=\"788503f\" data-element_type=\"widget\" data-widget_type=\"image.default\">\n\t\t\t\t<div class=\"elementor-widget-container\">\n\t\t\t\t\t\t\t\t\t\t\t\t\t\t\t<img loading=\"lazy\" decoding=\"async\" width=\"320\" height=\"320\" src=\"https:\/\/visitrydal.com\/wp-content\/uploads\/2025\/03\/Instagram-profilbild-Stick-och-spin-1.jpg\" class=\"attachment-large size-large wp-image-6844\" alt=\"\" srcset=\"https:\/\/visitrydal.com\/wp-content\/uploads\/2025\/03\/Instagram-profilbild-Stick-och-spin-1.jpg 320w, https:\/\/visitrydal.com\/wp-content\/uploads\/2025\/03\/Instagram-profilbild-Stick-och-spin-1-300x300.jpg 300w, https:\/\/visitrydal.com\/wp-content\/uploads\/2025\/03\/Instagram-profilbild-Stick-och-spin-1-150x150.jpg 150w, https:\/\/visitrydal.com\/wp-content\/uploads\/2025\/03\/Instagram-profilbild-Stick-och-spin-1-12x12.jpg 12w, https:\/\/visitrydal.com\/wp-content\/uploads\/2025\/03\/Instagram-profilbild-Stick-och-spin-1-60x60.jpg 60w, https:\/\/visitrydal.com\/wp-content\/uploads\/2025\/03\/Instagram-profilbild-Stick-och-spin-1-40x40.jpg 40w, https:\/\/visitrydal.com\/wp-content\/uploads\/2025\/03\/Instagram-profilbild-Stick-och-spin-1-80x80.jpg 80w, https:\/\/visitrydal.com\/wp-content\/uploads\/2025\/03\/Instagram-profilbild-Stick-och-spin-1-20x20.jpg 20w, https:\/\/visitrydal.com\/wp-content\/uploads\/2025\/03\/Instagram-profilbild-Stick-och-spin-1-128x128.jpg 128w, https:\/\/visitrydal.com\/wp-content\/uploads\/2025\/03\/Instagram-profilbild-Stick-och-spin-1-73x73.jpg 73w, https:\/\/visitrydal.com\/wp-content\/uploads\/2025\/03\/Instagram-profilbild-Stick-och-spin-1-130x130.jpg 130w\" sizes=\"(max-width: 320px) 100vw, 320px\" \/>\t\t\t\t\t\t\t\t\t\t\t\t\t\t\t<\/div>\n\t\t\t\t<\/div>\n\t\t\t\t\t<\/div>\n\t\t<\/div>\n\t\t\t\t\t<\/div>\n\t\t<\/section>\n\t\t\t\t<\/div>","protected":false},"excerpt":{"rendered":"<p>Anm\u00e4lan till entr\u00e9, f\u00f6redrag och workshops under Stick och Spinnfesten i Rydal\u00a0 kan du g\u00f6ra genom en l\u00e4nk till Studief\u00f6rbundet Vuxenskolan. H\u00e4runder finns l\u00e4nkar till f\u00f6redrag och entr\u00e9 och under fliken workshop hittar du l\u00e4nkar att boka workshops. &#8220;Fr\u00e5n vettet till vadd\u00e5&#8221; Varf\u00f6r h\u00e5ller jag p\u00e5 med och varf\u00f6r? Varf\u00f6r h\u00e5ller jag p\u00e5 med och [&hellip;]<\/p>\n","protected":false},"author":1,"featured_media":6818,"comment_status":"closed","ping_status":"open","sticky":false,"template":"","format":"standard","meta":{"footnotes":""},"categories":[334],"tags":[],"class_list":["post-6811","post","type-post","status-publish","format-standard","has-post-thumbnail","hentry","category-aktiviteter-2025","blog-post"],"yoast_head":"<!-- This site is optimized with the Yoast SEO plugin v27.5 - https:\/\/yoast.com\/product\/yoast-seo-wordpress\/ -->\n<title>F\u00f6rel\u00e4sningar - Stick och spinnfest 2025 - Visit Rydal<\/title>\n<meta name=\"robots\" content=\"index, follow, max-snippet:-1, max-image-preview:large, max-video-preview:-1\" \/>\n<link rel=\"canonical\" href=\"https:\/\/visitrydal.com\/en\/forelasningar-stick-och-spinnfest-2025\/\" \/>\n<meta property=\"og:locale\" content=\"en_GB\" \/>\n<meta property=\"og:type\" content=\"article\" \/>\n<meta property=\"og:title\" content=\"F\u00f6rel\u00e4sningar - Stick och spinnfest 2025 - Visit Rydal\" \/>\n<meta property=\"og:description\" content=\"Anm\u00e4lan till entr\u00e9, f\u00f6redrag och workshops under Stick och Spinnfesten i Rydal\u00a0 kan du g\u00f6ra genom en l\u00e4nk till Studief\u00f6rbundet Vuxenskolan. H\u00e4runder finns l\u00e4nkar till f\u00f6redrag och entr\u00e9 och under fliken workshop hittar du l\u00e4nkar att boka workshops. &#8220;Fr\u00e5n vettet till vadd\u00e5&#8221; Varf\u00f6r h\u00e5ller jag p\u00e5 med och varf\u00f6r? Varf\u00f6r h\u00e5ller jag p\u00e5 med och [&hellip;]\" \/>\n<meta property=\"og:url\" content=\"https:\/\/visitrydal.com\/en\/forelasningar-stick-och-spinnfest-2025\/\" \/>\n<meta property=\"og:site_name\" content=\"Visit Rydal\" \/>\n<meta property=\"article:published_time\" content=\"2025-03-01T12:07:52+00:00\" \/>\n<meta property=\"article:modified_time\" content=\"2025-10-03T19:00:58+00:00\" \/>\n<meta property=\"og:image\" content=\"https:\/\/visitrydal.com\/wp-content\/uploads\/2025\/03\/Facebookomslag-Stick-och-spin-1.png\" \/>\n\t<meta property=\"og:image:width\" content=\"851\" \/>\n\t<meta property=\"og:image:height\" content=\"315\" \/>\n\t<meta property=\"og:image:type\" content=\"image\/png\" \/>\n<meta name=\"author\" content=\"admin\" \/>\n<meta name=\"twitter:card\" content=\"summary_large_image\" \/>\n<meta name=\"twitter:label1\" content=\"Written by\" \/>\n\t<meta name=\"twitter:data1\" content=\"admin\" \/>\n\t<meta name=\"twitter:label2\" content=\"Estimated reading time\" \/>\n\t<meta name=\"twitter:data2\" content=\"4 minutes\" \/>\n<script type=\"application\/ld+json\" class=\"yoast-schema-graph\">{\"@context\":\"https:\\\/\\\/schema.org\",\"@graph\":[{\"@type\":\"Article\",\"@id\":\"https:\\\/\\\/visitrydal.com\\\/forelasningar-stick-och-spinnfest-2025\\\/#article\",\"isPartOf\":{\"@id\":\"https:\\\/\\\/visitrydal.com\\\/forelasningar-stick-och-spinnfest-2025\\\/\"},\"author\":{\"name\":\"admin\",\"@id\":\"https:\\\/\\\/visitrydal.com\\\/#\\\/schema\\\/person\\\/3477be07bcb3acdfb7bfdcb913bea6b4\"},\"headline\":\"F\u00f6rel\u00e4sningar &#8211; Stick och spinnfest 2025\",\"datePublished\":\"2025-03-01T12:07:52+00:00\",\"dateModified\":\"2025-10-03T19:00:58+00:00\",\"mainEntityOfPage\":{\"@id\":\"https:\\\/\\\/visitrydal.com\\\/forelasningar-stick-och-spinnfest-2025\\\/\"},\"wordCount\":787,\"publisher\":{\"@id\":\"https:\\\/\\\/visitrydal.com\\\/#organization\"},\"image\":{\"@id\":\"https:\\\/\\\/visitrydal.com\\\/forelasningar-stick-och-spinnfest-2025\\\/#primaryimage\"},\"thumbnailUrl\":\"https:\\\/\\\/visitrydal.com\\\/wp-content\\\/uploads\\\/2025\\\/03\\\/Facebookomslag-Stick-och-spin-1.png\",\"articleSection\":[\"Aktiviteter-2025\"],\"inLanguage\":\"en-GB\"},{\"@type\":\"WebPage\",\"@id\":\"https:\\\/\\\/visitrydal.com\\\/forelasningar-stick-och-spinnfest-2025\\\/\",\"url\":\"https:\\\/\\\/visitrydal.com\\\/forelasningar-stick-och-spinnfest-2025\\\/\",\"name\":\"F\u00f6rel\u00e4sningar - Stick och spinnfest 2025 - Visit Rydal\",\"isPartOf\":{\"@id\":\"https:\\\/\\\/visitrydal.com\\\/#website\"},\"primaryImageOfPage\":{\"@id\":\"https:\\\/\\\/visitrydal.com\\\/forelasningar-stick-och-spinnfest-2025\\\/#primaryimage\"},\"image\":{\"@id\":\"https:\\\/\\\/visitrydal.com\\\/forelasningar-stick-och-spinnfest-2025\\\/#primaryimage\"},\"thumbnailUrl\":\"https:\\\/\\\/visitrydal.com\\\/wp-content\\\/uploads\\\/2025\\\/03\\\/Facebookomslag-Stick-och-spin-1.png\",\"datePublished\":\"2025-03-01T12:07:52+00:00\",\"dateModified\":\"2025-10-03T19:00:58+00:00\",\"breadcrumb\":{\"@id\":\"https:\\\/\\\/visitrydal.com\\\/forelasningar-stick-och-spinnfest-2025\\\/#breadcrumb\"},\"inLanguage\":\"en-GB\",\"potentialAction\":[{\"@type\":\"ReadAction\",\"target\":[\"https:\\\/\\\/visitrydal.com\\\/forelasningar-stick-och-spinnfest-2025\\\/\"]}]},{\"@type\":\"ImageObject\",\"inLanguage\":\"en-GB\",\"@id\":\"https:\\\/\\\/visitrydal.com\\\/forelasningar-stick-och-spinnfest-2025\\\/#primaryimage\",\"url\":\"https:\\\/\\\/visitrydal.com\\\/wp-content\\\/uploads\\\/2025\\\/03\\\/Facebookomslag-Stick-och-spin-1.png\",\"contentUrl\":\"https:\\\/\\\/visitrydal.com\\\/wp-content\\\/uploads\\\/2025\\\/03\\\/Facebookomslag-Stick-och-spin-1.png\",\"width\":851,\"height\":315},{\"@type\":\"BreadcrumbList\",\"@id\":\"https:\\\/\\\/visitrydal.com\\\/forelasningar-stick-och-spinnfest-2025\\\/#breadcrumb\",\"itemListElement\":[{\"@type\":\"ListItem\",\"position\":1,\"name\":\"Home\",\"item\":\"https:\\\/\\\/visitrydal.com\\\/\"},{\"@type\":\"ListItem\",\"position\":2,\"name\":\"F\u00f6rel\u00e4sningar &#8211; Stick och spinnfest 2025\"}]},{\"@type\":\"WebSite\",\"@id\":\"https:\\\/\\\/visitrydal.com\\\/#website\",\"url\":\"https:\\\/\\\/visitrydal.com\\\/\",\"name\":\"Visit Rydal\",\"description\":\"\",\"publisher\":{\"@id\":\"https:\\\/\\\/visitrydal.com\\\/#organization\"},\"potentialAction\":[{\"@type\":\"SearchAction\",\"target\":{\"@type\":\"EntryPoint\",\"urlTemplate\":\"https:\\\/\\\/visitrydal.com\\\/?s={search_term_string}\"},\"query-input\":{\"@type\":\"PropertyValueSpecification\",\"valueRequired\":true,\"valueName\":\"search_term_string\"}}],\"inLanguage\":\"en-GB\"},{\"@type\":\"Organization\",\"@id\":\"https:\\\/\\\/visitrydal.com\\\/#organization\",\"name\":\"Visit Rydal\",\"url\":\"https:\\\/\\\/visitrydal.com\\\/\",\"logo\":{\"@type\":\"ImageObject\",\"inLanguage\":\"en-GB\",\"@id\":\"https:\\\/\\\/visitrydal.com\\\/#\\\/schema\\\/logo\\\/image\\\/\",\"url\":\"https:\\\/\\\/visitrydal.com\\\/wp-content\\\/uploads\\\/2023\\\/06\\\/cropped-siteicon.png\",\"contentUrl\":\"https:\\\/\\\/visitrydal.com\\\/wp-content\\\/uploads\\\/2023\\\/06\\\/cropped-siteicon.png\",\"width\":512,\"height\":512,\"caption\":\"Visit Rydal\"},\"image\":{\"@id\":\"https:\\\/\\\/visitrydal.com\\\/#\\\/schema\\\/logo\\\/image\\\/\"}},{\"@type\":\"Person\",\"@id\":\"https:\\\/\\\/visitrydal.com\\\/#\\\/schema\\\/person\\\/3477be07bcb3acdfb7bfdcb913bea6b4\",\"name\":\"admin\",\"image\":{\"@type\":\"ImageObject\",\"inLanguage\":\"en-GB\",\"@id\":\"https:\\\/\\\/secure.gravatar.com\\\/avatar\\\/72127c8c45f68ca8ffbf4b86a62fec141db679ae75377bc79037987d9bc0ef40?s=96&d=mm&r=g\",\"url\":\"https:\\\/\\\/secure.gravatar.com\\\/avatar\\\/72127c8c45f68ca8ffbf4b86a62fec141db679ae75377bc79037987d9bc0ef40?s=96&d=mm&r=g\",\"contentUrl\":\"https:\\\/\\\/secure.gravatar.com\\\/avatar\\\/72127c8c45f68ca8ffbf4b86a62fec141db679ae75377bc79037987d9bc0ef40?s=96&d=mm&r=g\",\"caption\":\"admin\"},\"sameAs\":[\"https:\\\/\\\/visitrydal.com\"],\"url\":\"https:\\\/\\\/visitrydal.com\\\/en\\\/author\\\/admin\\\/\"}]}<\/script>\n<!-- \/ Yoast SEO plugin. -->","yoast_head_json":{"title":"F\u00f6rel\u00e4sningar - Stick och spinnfest 2025 - Visit Rydal","robots":{"index":"index","follow":"follow","max-snippet":"max-snippet:-1","max-image-preview":"max-image-preview:large","max-video-preview":"max-video-preview:-1"},"canonical":"https:\/\/visitrydal.com\/en\/forelasningar-stick-och-spinnfest-2025\/","og_locale":"en_GB","og_type":"article","og_title":"F\u00f6rel\u00e4sningar - Stick och spinnfest 2025 - Visit Rydal","og_description":"Anm\u00e4lan till entr\u00e9, f\u00f6redrag och workshops under Stick och Spinnfesten i Rydal\u00a0 kan du g\u00f6ra genom en l\u00e4nk till Studief\u00f6rbundet Vuxenskolan. H\u00e4runder finns l\u00e4nkar till f\u00f6redrag och entr\u00e9 och under fliken workshop hittar du l\u00e4nkar att boka workshops. &#8220;Fr\u00e5n vettet till vadd\u00e5&#8221; Varf\u00f6r h\u00e5ller jag p\u00e5 med och varf\u00f6r? Varf\u00f6r h\u00e5ller jag p\u00e5 med och [&hellip;]","og_url":"https:\/\/visitrydal.com\/en\/forelasningar-stick-och-spinnfest-2025\/","og_site_name":"Visit Rydal","article_published_time":"2025-03-01T12:07:52+00:00","article_modified_time":"2025-10-03T19:00:58+00:00","og_image":[{"width":851,"height":315,"url":"https:\/\/visitrydal.com\/wp-content\/uploads\/2025\/03\/Facebookomslag-Stick-och-spin-1.png","type":"image\/png"}],"author":"admin","twitter_card":"summary_large_image","twitter_misc":{"Written by":"admin","Estimated reading time":"4 minutes"},"schema":{"@context":"https:\/\/schema.org","@graph":[{"@type":"Article","@id":"https:\/\/visitrydal.com\/forelasningar-stick-och-spinnfest-2025\/#article","isPartOf":{"@id":"https:\/\/visitrydal.com\/forelasningar-stick-och-spinnfest-2025\/"},"author":{"name":"admin","@id":"https:\/\/visitrydal.com\/#\/schema\/person\/3477be07bcb3acdfb7bfdcb913bea6b4"},"headline":"F\u00f6rel\u00e4sningar &#8211; Stick och spinnfest 2025","datePublished":"2025-03-01T12:07:52+00:00","dateModified":"2025-10-03T19:00:58+00:00","mainEntityOfPage":{"@id":"https:\/\/visitrydal.com\/forelasningar-stick-och-spinnfest-2025\/"},"wordCount":787,"publisher":{"@id":"https:\/\/visitrydal.com\/#organization"},"image":{"@id":"https:\/\/visitrydal.com\/forelasningar-stick-och-spinnfest-2025\/#primaryimage"},"thumbnailUrl":"https:\/\/visitrydal.com\/wp-content\/uploads\/2025\/03\/Facebookomslag-Stick-och-spin-1.png","articleSection":["Aktiviteter-2025"],"inLanguage":"en-GB"},{"@type":"WebPage","@id":"https:\/\/visitrydal.com\/forelasningar-stick-och-spinnfest-2025\/","url":"https:\/\/visitrydal.com\/forelasningar-stick-och-spinnfest-2025\/","name":"F\u00f6rel\u00e4sningar - Stick och spinnfest 2025 - Visit Rydal","isPartOf":{"@id":"https:\/\/visitrydal.com\/#website"},"primaryImageOfPage":{"@id":"https:\/\/visitrydal.com\/forelasningar-stick-och-spinnfest-2025\/#primaryimage"},"image":{"@id":"https:\/\/visitrydal.com\/forelasningar-stick-och-spinnfest-2025\/#primaryimage"},"thumbnailUrl":"https:\/\/visitrydal.com\/wp-content\/uploads\/2025\/03\/Facebookomslag-Stick-och-spin-1.png","datePublished":"2025-03-01T12:07:52+00:00","dateModified":"2025-10-03T19:00:58+00:00","breadcrumb":{"@id":"https:\/\/visitrydal.com\/forelasningar-stick-och-spinnfest-2025\/#breadcrumb"},"inLanguage":"en-GB","potentialAction":[{"@type":"ReadAction","target":["https:\/\/visitrydal.com\/forelasningar-stick-och-spinnfest-2025\/"]}]},{"@type":"ImageObject","inLanguage":"en-GB","@id":"https:\/\/visitrydal.com\/forelasningar-stick-och-spinnfest-2025\/#primaryimage","url":"https:\/\/visitrydal.com\/wp-content\/uploads\/2025\/03\/Facebookomslag-Stick-och-spin-1.png","contentUrl":"https:\/\/visitrydal.com\/wp-content\/uploads\/2025\/03\/Facebookomslag-Stick-och-spin-1.png","width":851,"height":315},{"@type":"BreadcrumbList","@id":"https:\/\/visitrydal.com\/forelasningar-stick-och-spinnfest-2025\/#breadcrumb","itemListElement":[{"@type":"ListItem","position":1,"name":"Home","item":"https:\/\/visitrydal.com\/"},{"@type":"ListItem","position":2,"name":"F\u00f6rel\u00e4sningar &#8211; Stick och spinnfest 2025"}]},{"@type":"WebSite","@id":"https:\/\/visitrydal.com\/#website","url":"https:\/\/visitrydal.com\/","name":"Visit Rydal","description":"","publisher":{"@id":"https:\/\/visitrydal.com\/#organization"},"potentialAction":[{"@type":"SearchAction","target":{"@type":"EntryPoint","urlTemplate":"https:\/\/visitrydal.com\/?s={search_term_string}"},"query-input":{"@type":"PropertyValueSpecification","valueRequired":true,"valueName":"search_term_string"}}],"inLanguage":"en-GB"},{"@type":"Organization","@id":"https:\/\/visitrydal.com\/#organization","name":"Visit Rydal","url":"https:\/\/visitrydal.com\/","logo":{"@type":"ImageObject","inLanguage":"en-GB","@id":"https:\/\/visitrydal.com\/#\/schema\/logo\/image\/","url":"https:\/\/visitrydal.com\/wp-content\/uploads\/2023\/06\/cropped-siteicon.png","contentUrl":"https:\/\/visitrydal.com\/wp-content\/uploads\/2023\/06\/cropped-siteicon.png","width":512,"height":512,"caption":"Visit Rydal"},"image":{"@id":"https:\/\/visitrydal.com\/#\/schema\/logo\/image\/"}},{"@type":"Person","@id":"https:\/\/visitrydal.com\/#\/schema\/person\/3477be07bcb3acdfb7bfdcb913bea6b4","name":"admin","image":{"@type":"ImageObject","inLanguage":"en-GB","@id":"https:\/\/secure.gravatar.com\/avatar\/72127c8c45f68ca8ffbf4b86a62fec141db679ae75377bc79037987d9bc0ef40?s=96&d=mm&r=g","url":"https:\/\/secure.gravatar.com\/avatar\/72127c8c45f68ca8ffbf4b86a62fec141db679ae75377bc79037987d9bc0ef40?s=96&d=mm&r=g","contentUrl":"https:\/\/secure.gravatar.com\/avatar\/72127c8c45f68ca8ffbf4b86a62fec141db679ae75377bc79037987d9bc0ef40?s=96&d=mm&r=g","caption":"admin"},"sameAs":["https:\/\/visitrydal.com"],"url":"https:\/\/visitrydal.com\/en\/author\/admin\/"}]}},"_links":{"self":[{"href":"https:\/\/visitrydal.com\/en\/wp-json\/wp\/v2\/posts\/6811","targetHints":{"allow":["GET"]}}],"collection":[{"href":"https:\/\/visitrydal.com\/en\/wp-json\/wp\/v2\/posts"}],"about":[{"href":"https:\/\/visitrydal.com\/en\/wp-json\/wp\/v2\/types\/post"}],"author":[{"embeddable":true,"href":"https:\/\/visitrydal.com\/en\/wp-json\/wp\/v2\/users\/1"}],"replies":[{"embeddable":true,"href":"https:\/\/visitrydal.com\/en\/wp-json\/wp\/v2\/comments?post=6811"}],"version-history":[{"count":82,"href":"https:\/\/visitrydal.com\/en\/wp-json\/wp\/v2\/posts\/6811\/revisions"}],"predecessor-version":[{"id":8095,"href":"https:\/\/visitrydal.com\/en\/wp-json\/wp\/v2\/posts\/6811\/revisions\/8095"}],"wp:featuredmedia":[{"embeddable":true,"href":"https:\/\/visitrydal.com\/en\/wp-json\/wp\/v2\/media\/6818"}],"wp:attachment":[{"href":"https:\/\/visitrydal.com\/en\/wp-json\/wp\/v2\/media?parent=6811"}],"wp:term":[{"taxonomy":"category","embeddable":true,"href":"https:\/\/visitrydal.com\/en\/wp-json\/wp\/v2\/categories?post=6811"},{"taxonomy":"post_tag","embeddable":true,"href":"https:\/\/visitrydal.com\/en\/wp-json\/wp\/v2\/tags?post=6811"}],"curies":[{"name":"wp","href":"https:\/\/api.w.org\/{rel}","templated":true}]}}