{"id":6787,"date":"2025-03-01T12:07:52","date_gmt":"2025-03-01T12:07:52","guid":{"rendered":"https:\/\/visitrydal.com\/?p=6787"},"modified":"2025-10-11T22:08:00","modified_gmt":"2025-10-11T22:08:00","slug":"mat-fika-stick-och-spinnfest-2025","status":"publish","type":"post","link":"https:\/\/visitrydal.com\/en\/mat-fika-stick-och-spinnfest-2025\/","title":{"rendered":"Food\/Coffee \u2013 Knitting and spinning party 2025"},"content":{"rendered":"<div data-elementor-type=\"wp-post\" data-elementor-id=\"6787\" class=\"elementor elementor-6787\">\n\t\t\t\t\t\t<section class=\"elementor-section elementor-top-section elementor-element elementor-element-dd6aacf elementor-section-boxed elementor-section-height-default elementor-section-height-default\" data-id=\"dd6aacf\" data-element_type=\"section\">\n\t\t\t\t\t\t<div class=\"elementor-container elementor-column-gap-default\">\n\t\t\t\t\t<div class=\"elementor-column elementor-col-100 elementor-top-column elementor-element elementor-element-330e65c\" data-id=\"330e65c\" data-element_type=\"column\">\n\t\t\t<div class=\"elementor-widget-wrap elementor-element-populated\">\n\t\t\t\t\t\t<div class=\"elementor-element elementor-element-56923ba elementor-widget elementor-widget-text-editor\" data-id=\"56923ba\" data-element_type=\"widget\" data-widget_type=\"text-editor.default\">\n\t\t\t\t<div class=\"elementor-widget-container\">\n\t\t\t\t\t\t\t\t\t<p style=\"line-height: 18pt; background: white; margin: 0cm 0cm 18pt; text-align: center;\"><a href=\"http:\/\/www.upplevmark.com\">In Mark&#039;s visitor guide, you will find a caf\u00e9 or eatery for every occasion, such as when you shop in Tygriket<\/a><\/p>\t\t\t\t\t\t\t\t<\/div>\n\t\t\t\t<\/div>\n\t\t\t\t<div class=\"elementor-element elementor-element-ff9674f elementor-widget-divider--view-line elementor-widget elementor-widget-divider\" data-id=\"ff9674f\" data-element_type=\"widget\" data-widget_type=\"divider.default\">\n\t\t\t\t<div class=\"elementor-widget-container\">\n\t\t\t\t\t\t\t<div class=\"elementor-divider\">\n\t\t\t<span class=\"elementor-divider-separator\">\n\t\t\t\t\t\t<\/span>\n\t\t<\/div>\n\t\t\t\t\t\t<\/div>\n\t\t\t\t<\/div>\n\t\t\t\t\t<\/div>\n\t\t<\/div>\n\t\t\t\t\t<\/div>\n\t\t<\/section>\n\t\t\t\t<section class=\"elementor-section elementor-top-section elementor-element elementor-element-a481efc elementor-section-full_width elementor-section-height-default elementor-section-height-default\" data-id=\"a481efc\" data-element_type=\"section\">\n\t\t\t\t\t\t<div class=\"elementor-container elementor-column-gap-default\">\n\t\t\t\t\t<div class=\"elementor-column elementor-col-50 elementor-top-column elementor-element elementor-element-56ccfcee\" data-id=\"56ccfcee\" data-element_type=\"column\">\n\t\t\t<div class=\"elementor-widget-wrap elementor-element-populated\">\n\t\t\t\t\t\t<div class=\"elementor-element elementor-element-733ecd7b elementor-widget elementor-widget-image\" data-id=\"733ecd7b\" data-element_type=\"widget\" data-widget_type=\"image.default\">\n\t\t\t\t<div class=\"elementor-widget-container\">\n\t\t\t\t\t\t\t\t\t\t\t\t\t\t\t<img fetchpriority=\"high\" decoding=\"async\" width=\"869\" height=\"579\" src=\"https:\/\/visitrydal.com\/wp-content\/uploads\/2024\/05\/rydalherrgard.jpg\" class=\"attachment-large size-large wp-image-5473\" alt=\"\" srcset=\"https:\/\/visitrydal.com\/wp-content\/uploads\/2024\/05\/rydalherrgard.jpg 869w, https:\/\/visitrydal.com\/wp-content\/uploads\/2024\/05\/rydalherrgard-300x200.jpg 300w, https:\/\/visitrydal.com\/wp-content\/uploads\/2024\/05\/rydalherrgard-768x512.jpg 768w, https:\/\/visitrydal.com\/wp-content\/uploads\/2024\/05\/rydalherrgard-18x12.jpg 18w, https:\/\/visitrydal.com\/wp-content\/uploads\/2024\/05\/rydalherrgard-600x400.jpg 600w\" sizes=\"(max-width: 869px) 100vw, 869px\" \/>\t\t\t\t\t\t\t\t\t\t\t\t\t\t\t<\/div>\n\t\t\t\t<\/div>\n\t\t\t\t\t<\/div>\n\t\t<\/div>\n\t\t\t\t<div class=\"elementor-column elementor-col-50 elementor-top-column elementor-element elementor-element-4d79c12e\" data-id=\"4d79c12e\" data-element_type=\"column\">\n\t\t\t<div class=\"elementor-widget-wrap elementor-element-populated\">\n\t\t\t\t\t\t<div class=\"elementor-element elementor-element-6a17aca6 elementor-widget elementor-widget-heading\" data-id=\"6a17aca6\" data-element_type=\"widget\" data-widget_type=\"heading.default\">\n\t\t\t\t<div class=\"elementor-widget-container\">\n\t\t\t\t\t<h2 class=\"elementor-heading-title elementor-size-default\">Rydal Manor in Rydal<\/h2>\t\t\t\t<\/div>\n\t\t\t\t<\/div>\n\t\t\t\t<div class=\"elementor-element elementor-element-501a8b4 elementor-widget__width-initial elementor-widget elementor-widget-text-editor\" data-id=\"501a8b4\" data-element_type=\"widget\" data-widget_type=\"text-editor.default\">\n\t\t\t\t<div class=\"elementor-widget-container\">\n\t\t\t\t\t\t\t\t\t<h5>&nbsp;<\/h5>\n<h5 style=\"text-align: center;\">Lunch serveras varje dag 11.30-16.00&nbsp; hos Rydals Herrg\u00e5rd f\u00f6r 145 kr f\u00f6r deltagare p\u00e5 festen. H\u00e4r man kan njuta av f\u00f6rstklassig och traditionell mat!<\/h5>\n<p><a href=\"http:\/\/www.rydalsherrgard.se\">&nbsp; &nbsp; &nbsp; &nbsp; &nbsp; &nbsp; &nbsp; &nbsp; &nbsp; &nbsp; &nbsp; &nbsp; &nbsp; &nbsp; &nbsp; &nbsp; &nbsp; &nbsp; &nbsp; &nbsp; &nbsp;www.rydalsherrgard.se<\/a><\/p>\n<p style=\"text-align: center;\">&nbsp; &nbsp; &nbsp; &nbsp; &nbsp; &nbsp; &nbsp; &nbsp; &nbsp; &nbsp; &nbsp; &nbsp; &nbsp; &nbsp; &nbsp; &nbsp; &nbsp; &nbsp; Matsedel 11 och 12 Oktober 2025&nbsp; &nbsp; &nbsp; &nbsp; &nbsp; &nbsp; &nbsp; &nbsp; &nbsp; &nbsp; &nbsp; &nbsp; &nbsp; &nbsp; &nbsp; &nbsp; &nbsp; &nbsp; &nbsp; &nbsp; &nbsp; &nbsp; &nbsp; &nbsp; Pris per r\u00e4tt&nbsp; 145:- f\u00f6r deltagare p\u00e5 festen<\/p>\n<p style=\"text-align: center;\"><span style=\"font-size: small;\"><span style=\"color: #222222;\"><span style=\"font-family: Arial, sans-serif;\">&nbsp; &nbsp; &nbsp; &nbsp; &nbsp; &nbsp; &nbsp; &nbsp;Rydal&#039;s meatballs with mashed potatoes and cream sauce<\/span><\/span><\/span><\/p>\n<p style=\"text-align: center;\"><span style=\"color: #222222;\"><span style=\"font-size: small;\"><span style=\"font-family: Arial, sans-serif;\">&nbsp; &nbsp; &nbsp; &nbsp; &nbsp; &nbsp; Havets Wallenbergare with mashed potatoes and browned butter<\/span><\/span><\/span><\/p>\n<p style=\"text-align: center;\"><span style=\"color: #222222;\"><span style=\"font-size: small;\"><span style=\"font-family: Arial, sans-serif;\">&nbsp; &nbsp;Vegetarisk: Svamprisotto<\/span><\/span><\/span><\/p>\n<p style=\"text-align: center;\"><span style=\"color: #222222;\"><span style=\"font-family: Arial, Helvetica, sans-serif;\"><span style=\"font-size: small;\"><span style=\"font-family: Arial, sans-serif;\">&nbsp;In addition to these, you can of course buy our classics at regular price!<\/span><\/span><\/span><\/span><\/p>\n<p style=\"text-align: center;\">Vi vill g\u00e4rna att du bokar bord. Det underl\u00e4ttar f\u00f6r&nbsp; Herrg\u00e5rden som kan planera och minskar v\u00e4ntetid!&nbsp;<a href=\"https:\/\/www.rydalsherrgard.se\/boka-bord\">Boka h\u00e4r!<\/a>&nbsp;<\/p>\n<p style=\"text-align: center;\">Det finns m\u00f6jlighet f\u00f6r Take Away om du vill ta med dig maten!<\/p>\n<p style=\"text-align: center;\">\n<\/p>\t\t\t\t\t\t\t\t<\/div>\n\t\t\t\t<\/div>\n\t\t\t\t\t<\/div>\n\t\t<\/div>\n\t\t\t\t\t<\/div>\n\t\t<\/section>\n\t\t\t\t<section class=\"elementor-section elementor-top-section elementor-element elementor-element-a440204 elementor-section-full_width elementor-section-height-default elementor-section-height-default\" data-id=\"a440204\" data-element_type=\"section\">\n\t\t\t\t\t\t<div class=\"elementor-container elementor-column-gap-default\">\n\t\t\t\t\t<div class=\"elementor-column elementor-col-50 elementor-top-column elementor-element elementor-element-73eec5e\" data-id=\"73eec5e\" data-element_type=\"column\">\n\t\t\t<div class=\"elementor-widget-wrap elementor-element-populated\">\n\t\t\t\t\t\t<div class=\"elementor-element elementor-element-aba2ca3 elementor-widget-divider--view-line elementor-widget elementor-widget-divider\" data-id=\"aba2ca3\" data-element_type=\"widget\" data-widget_type=\"divider.default\">\n\t\t\t\t<div class=\"elementor-widget-container\">\n\t\t\t\t\t\t\t<div class=\"elementor-divider\">\n\t\t\t<span class=\"elementor-divider-separator\">\n\t\t\t\t\t\t<\/span>\n\t\t<\/div>\n\t\t\t\t\t\t<\/div>\n\t\t\t\t<\/div>\n\t\t\t\t<div class=\"elementor-element elementor-element-858deaa elementor-widget elementor-widget-image\" data-id=\"858deaa\" data-element_type=\"widget\" data-widget_type=\"image.default\">\n\t\t\t\t<div class=\"elementor-widget-container\">\n\t\t\t\t\t\t\t\t\t\t\t\t\t\t\t<img decoding=\"async\" width=\"1024\" height=\"862\" src=\"https:\/\/visitrydal.com\/wp-content\/uploads\/2024\/05\/akleja-1024x862.jpg\" class=\"attachment-large size-large wp-image-5474\" alt=\"\" srcset=\"https:\/\/visitrydal.com\/wp-content\/uploads\/2024\/05\/akleja-1024x862.jpg 1024w, https:\/\/visitrydal.com\/wp-content\/uploads\/2024\/05\/akleja-300x253.jpg 300w, https:\/\/visitrydal.com\/wp-content\/uploads\/2024\/05\/akleja-768x647.jpg 768w, https:\/\/visitrydal.com\/wp-content\/uploads\/2024\/05\/akleja-14x12.jpg 14w, https:\/\/visitrydal.com\/wp-content\/uploads\/2024\/05\/akleja-475x400.jpg 475w, https:\/\/visitrydal.com\/wp-content\/uploads\/2024\/05\/akleja.jpg 1184w\" sizes=\"(max-width: 1024px) 100vw, 1024px\" \/>\t\t\t\t\t\t\t\t\t\t\t\t\t\t\t<\/div>\n\t\t\t\t<\/div>\n\t\t\t\t\t<\/div>\n\t\t<\/div>\n\t\t\t\t<div class=\"elementor-column elementor-col-50 elementor-top-column elementor-element elementor-element-76c2ad0\" data-id=\"76c2ad0\" data-element_type=\"column\">\n\t\t\t<div class=\"elementor-widget-wrap elementor-element-populated\">\n\t\t\t\t\t\t<div class=\"elementor-element elementor-element-9734491 elementor-widget-divider--view-line elementor-widget elementor-widget-divider\" data-id=\"9734491\" data-element_type=\"widget\" data-widget_type=\"divider.default\">\n\t\t\t\t<div class=\"elementor-widget-container\">\n\t\t\t\t\t\t\t<div class=\"elementor-divider\">\n\t\t\t<span class=\"elementor-divider-separator\">\n\t\t\t\t\t\t<\/span>\n\t\t<\/div>\n\t\t\t\t\t\t<\/div>\n\t\t\t\t<\/div>\n\t\t\t\t<div class=\"elementor-element elementor-element-0577b1e elementor-widget elementor-widget-heading\" data-id=\"0577b1e\" data-element_type=\"widget\" data-widget_type=\"heading.default\">\n\t\t\t\t<div class=\"elementor-widget-container\">\n\t\t\t\t\t<h2 class=\"elementor-heading-title elementor-size-default\">The craft group Akleja in Rydal<\/h2>\t\t\t\t<\/div>\n\t\t\t\t<\/div>\n\t\t\t\t<div class=\"elementor-element elementor-element-7f8c281 elementor-widget elementor-widget-text-editor\" data-id=\"7f8c281\" data-element_type=\"widget\" data-widget_type=\"text-editor.default\">\n\t\t\t\t<div class=\"elementor-widget-container\">\n\t\t\t\t\t\t\t\t\t<p>Hantverksgruppen Akleja driver ett caf\u00e9 p\u00e5 Rydals museums \u00f6verv\u00e5ning under helgen, d\u00e4r kan du k\u00f6pa fralla med ost, hembakt och kaffe\/te\/dricka samt frukt.<\/p>\n<p>Det finns hiss till \u00f6verv\u00e5ningen.<br>Medlemmar i gruppen kommer baka extra mycket mjuka och olika sm\u00e5kakor. V\u00e4lkommen att sitta ner en stund och njut av hembakade lokala bakverk. \u00d6ppet 10-17 b\u00e5da dagar<\/p>\n<p style=\"text-align: center;\"><a href=\"https:\/\/visitrydal.com\/en\/author\/hantverksgruppen-akleja-cafe\/\">Handverksgruppen Akleja (Caf\u00e9) (visitrydal.com)<\/a><\/p>\t\t\t\t\t\t\t\t<\/div>\n\t\t\t\t<\/div>\n\t\t\t\t\t<\/div>\n\t\t<\/div>\n\t\t\t\t\t<\/div>\n\t\t<\/section>\n\t\t\t\t<section class=\"elementor-section elementor-top-section elementor-element elementor-element-c7b546f elementor-section-boxed elementor-section-height-default elementor-section-height-default\" data-id=\"c7b546f\" data-element_type=\"section\">\n\t\t\t\t\t\t<div class=\"elementor-container elementor-column-gap-default\">\n\t\t\t\t\t<div class=\"elementor-column elementor-col-100 elementor-top-column elementor-element elementor-element-a21fe65\" data-id=\"a21fe65\" data-element_type=\"column\">\n\t\t\t<div class=\"elementor-widget-wrap elementor-element-populated\">\n\t\t\t\t\t\t<div class=\"elementor-element elementor-element-1081a8e elementor-widget elementor-widget-spacer\" data-id=\"1081a8e\" data-element_type=\"widget\" data-widget_type=\"spacer.default\">\n\t\t\t\t<div class=\"elementor-widget-container\">\n\t\t\t\t\t\t\t<div class=\"elementor-spacer\">\n\t\t\t<div class=\"elementor-spacer-inner\"><\/div>\n\t\t<\/div>\n\t\t\t\t\t\t<\/div>\n\t\t\t\t<\/div>\n\t\t\t\t<div class=\"elementor-element elementor-element-92f102a elementor-widget-divider--view-line elementor-widget elementor-widget-divider\" data-id=\"92f102a\" data-element_type=\"widget\" data-widget_type=\"divider.default\">\n\t\t\t\t<div class=\"elementor-widget-container\">\n\t\t\t\t\t\t\t<div class=\"elementor-divider\">\n\t\t\t<span class=\"elementor-divider-separator\">\n\t\t\t\t\t\t<\/span>\n\t\t<\/div>\n\t\t\t\t\t\t<\/div>\n\t\t\t\t<\/div>\n\t\t\t\t\t<\/div>\n\t\t<\/div>\n\t\t\t\t\t<\/div>\n\t\t<\/section>\n\t\t\t\t<section class=\"elementor-section elementor-top-section elementor-element elementor-element-fcb25d6 elementor-section-full_width elementor-section-height-default elementor-section-height-default\" data-id=\"fcb25d6\" data-element_type=\"section\">\n\t\t\t\t\t\t<div class=\"elementor-container elementor-column-gap-default\">\n\t\t\t\t\t<div class=\"elementor-column elementor-col-50 elementor-top-column elementor-element elementor-element-946e0ac\" data-id=\"946e0ac\" data-element_type=\"column\">\n\t\t\t<div class=\"elementor-widget-wrap elementor-element-populated\">\n\t\t\t\t\t\t<div class=\"elementor-element elementor-element-5feb6b6 elementor-widget elementor-widget-image\" data-id=\"5feb6b6\" data-element_type=\"widget\" data-widget_type=\"image.default\">\n\t\t\t\t<div class=\"elementor-widget-container\">\n\t\t\t\t\t\t\t\t\t\t\t\t\t\t\t<img decoding=\"async\" width=\"831\" height=\"743\" src=\"https:\/\/visitrydal.com\/wp-content\/uploads\/2024\/05\/Logo-Rydals-Pelarsal.jpg\" class=\"attachment-large size-large wp-image-5501\" alt=\"\" srcset=\"https:\/\/visitrydal.com\/wp-content\/uploads\/2024\/05\/Logo-Rydals-Pelarsal.jpg 831w, https:\/\/visitrydal.com\/wp-content\/uploads\/2024\/05\/Logo-Rydals-Pelarsal-300x268.jpg 300w, https:\/\/visitrydal.com\/wp-content\/uploads\/2024\/05\/Logo-Rydals-Pelarsal-768x687.jpg 768w, https:\/\/visitrydal.com\/wp-content\/uploads\/2024\/05\/Logo-Rydals-Pelarsal-13x12.jpg 13w, https:\/\/visitrydal.com\/wp-content\/uploads\/2024\/05\/Logo-Rydals-Pelarsal-447x400.jpg 447w\" sizes=\"(max-width: 831px) 100vw, 831px\" \/>\t\t\t\t\t\t\t\t\t\t\t\t\t\t\t<\/div>\n\t\t\t\t<\/div>\n\t\t\t\t\t<\/div>\n\t\t<\/div>\n\t\t\t\t<div class=\"elementor-column elementor-col-50 elementor-top-column elementor-element elementor-element-5a157bf\" data-id=\"5a157bf\" data-element_type=\"column\">\n\t\t\t<div class=\"elementor-widget-wrap elementor-element-populated\">\n\t\t\t\t\t\t<div class=\"elementor-element elementor-element-2892428 elementor-widget elementor-widget-heading\" data-id=\"2892428\" data-element_type=\"widget\" data-widget_type=\"heading.default\">\n\t\t\t\t<div class=\"elementor-widget-container\">\n\t\t\t\t\t<h2 class=\"elementor-heading-title elementor-size-default\">Rydal&#039;s Hall of Pillars<\/h2>\t\t\t\t<\/div>\n\t\t\t\t<\/div>\n\t\t\t\t<div class=\"elementor-element elementor-element-f842ab1 elementor-widget elementor-widget-text-editor\" data-id=\"f842ab1\" data-element_type=\"widget\" data-widget_type=\"text-editor.default\">\n\t\t\t\t<div class=\"elementor-widget-container\">\n\t\t\t\t\t\t\t\t\t<p style=\"text-align: center;\"><span style=\"color: #000000;\"><strong>(Located at the bottom of Rydals Museum)<\/strong><\/span><\/p><p style=\"text-align: center;\"><span style=\"color: #000000;\"><strong>\u00d6ppet 9.30-17.30 b\u00e5da dagar<\/strong><\/span><\/p>\t\t\t\t\t\t\t\t<\/div>\n\t\t\t\t<\/div>\n\t\t\t\t<div class=\"elementor-element elementor-element-d8f4cb4 elementor-widget elementor-widget-text-editor\" data-id=\"d8f4cb4\" data-element_type=\"widget\" data-widget_type=\"text-editor.default\">\n\t\t\t\t<div class=\"elementor-widget-container\">\n\t\t\t\t\t\t\t\t\t<p>A dynamic salutorg with art and current experiences. The unique shop with a caf\u00e9 and varied selection.<\/p><p>H\u00e4r kan du k\u00f6pa sm\u00f6rg\u00e5sar, lunch, \u00e4ta glass och fika. Jag vill \u00e4ven p\u00e5minna om att det g\u00e5r utm\u00e4rkt att ta sig till oss med rullstol och rullator. Tillg\u00e4nglighetsanpassat!<br \/>Kommer \u00e4ven att l\u00f6sa f\u00f6r de som bara vill h\u00e4mta och ta med sig lunch. Denna helgen kommer vi att servera:<\/p><p>Kycklinggryta m pasta<br \/>Matpaj m broccoli och bacon<br \/>Pris 99 kr inkl. kaffe, exkl. dryck<\/p><p><span style=\"font-family: var( --e-global-typography-text-font-family ), Sans-serif; font-weight: var( --e-global-typography-text-font-weight );\">Firewood and lighters for grills and saunas are for sale in Rydal&#039;s Pelarsal.<\/span><\/p><p style=\"text-align: center;\"><a href=\"https:\/\/rydalspelarsal.se\/\">Rydals Pelarsal - A creative meeting place for a creative district<\/a><\/p>\t\t\t\t\t\t\t\t<\/div>\n\t\t\t\t<\/div>\n\t\t\t\t\t<\/div>\n\t\t<\/div>\n\t\t\t\t\t<\/div>\n\t\t<\/section>\n\t\t\t\t<section class=\"elementor-section elementor-top-section elementor-element elementor-element-05a24f8 elementor-section-boxed elementor-section-height-default elementor-section-height-default\" data-id=\"05a24f8\" data-element_type=\"section\">\n\t\t\t\t\t\t<div class=\"elementor-container elementor-column-gap-default\">\n\t\t\t\t\t<div class=\"elementor-column elementor-col-50 elementor-top-column elementor-element elementor-element-599999d\" data-id=\"599999d\" data-element_type=\"column\">\n\t\t\t<div class=\"elementor-widget-wrap elementor-element-populated\">\n\t\t\t\t\t\t<div class=\"elementor-element elementor-element-3740cb8 elementor-widget-divider--view-line elementor-widget elementor-widget-divider\" data-id=\"3740cb8\" data-element_type=\"widget\" data-widget_type=\"divider.default\">\n\t\t\t\t<div class=\"elementor-widget-container\">\n\t\t\t\t\t\t\t<div class=\"elementor-divider\">\n\t\t\t<span class=\"elementor-divider-separator\">\n\t\t\t\t\t\t<\/span>\n\t\t<\/div>\n\t\t\t\t\t\t<\/div>\n\t\t\t\t<\/div>\n\t\t\t\t<div class=\"elementor-element elementor-element-20b6310 elementor-widget elementor-widget-image\" data-id=\"20b6310\" data-element_type=\"widget\" data-widget_type=\"image.default\">\n\t\t\t\t<div class=\"elementor-widget-container\">\n\t\t\t\t\t\t\t\t\t\t\t\t\t\t\t<img loading=\"lazy\" decoding=\"async\" width=\"200\" height=\"143\" src=\"https:\/\/visitrydal.com\/wp-content\/uploads\/2025\/03\/cropped-Alice-loggan.pdf.webp\" class=\"attachment-large size-large wp-image-7677\" alt=\"\" srcset=\"https:\/\/visitrydal.com\/wp-content\/uploads\/2025\/03\/cropped-Alice-loggan.pdf.webp 200w, https:\/\/visitrydal.com\/wp-content\/uploads\/2025\/03\/cropped-Alice-loggan.pdf-18x12.webp 18w\" sizes=\"(max-width: 200px) 100vw, 200px\" \/>\t\t\t\t\t\t\t\t\t\t\t\t\t\t\t<\/div>\n\t\t\t\t<\/div>\n\t\t\t\t<div class=\"elementor-element elementor-element-a108e24 elementor-widget elementor-widget-image\" data-id=\"a108e24\" data-element_type=\"widget\" data-widget_type=\"image.default\">\n\t\t\t\t<div class=\"elementor-widget-container\">\n\t\t\t\t\t\t\t\t\t\t\t\t\t\t\t<img loading=\"lazy\" decoding=\"async\" width=\"1024\" height=\"768\" src=\"https:\/\/visitrydal.com\/wp-content\/uploads\/2025\/03\/food-truck-Alice-1024x768.webp\" class=\"attachment-large size-large wp-image-7680\" alt=\"\" srcset=\"https:\/\/visitrydal.com\/wp-content\/uploads\/2025\/03\/food-truck-Alice-1024x768.webp 1024w, https:\/\/visitrydal.com\/wp-content\/uploads\/2025\/03\/food-truck-Alice-300x225.webp 300w, https:\/\/visitrydal.com\/wp-content\/uploads\/2025\/03\/food-truck-Alice-768x576.webp 768w, https:\/\/visitrydal.com\/wp-content\/uploads\/2025\/03\/food-truck-Alice-16x12.webp 16w, https:\/\/visitrydal.com\/wp-content\/uploads\/2025\/03\/food-truck-Alice-600x450.webp 600w, https:\/\/visitrydal.com\/wp-content\/uploads\/2025\/03\/food-truck-Alice-200x150.webp 200w, https:\/\/visitrydal.com\/wp-content\/uploads\/2025\/03\/food-truck-Alice-533x400.webp 533w, https:\/\/visitrydal.com\/wp-content\/uploads\/2025\/03\/food-truck-Alice.webp 1360w\" sizes=\"(max-width: 1024px) 100vw, 1024px\" \/>\t\t\t\t\t\t\t\t\t\t\t\t\t\t\t<\/div>\n\t\t\t\t<\/div>\n\t\t\t\t<div class=\"elementor-element elementor-element-d0fc703 elementor-widget elementor-widget-image\" data-id=\"d0fc703\" data-element_type=\"widget\" data-widget_type=\"image.default\">\n\t\t\t\t<div class=\"elementor-widget-container\">\n\t\t\t\t\t\t\t\t\t\t\t\t\t\t\t<img loading=\"lazy\" decoding=\"async\" width=\"765\" height=\"1020\" src=\"https:\/\/visitrydal.com\/wp-content\/uploads\/2025\/03\/boa-bun.webp\" class=\"attachment-large size-large wp-image-7681\" alt=\"\" srcset=\"https:\/\/visitrydal.com\/wp-content\/uploads\/2025\/03\/boa-bun.webp 765w, https:\/\/visitrydal.com\/wp-content\/uploads\/2025\/03\/boa-bun-225x300.webp 225w, https:\/\/visitrydal.com\/wp-content\/uploads\/2025\/03\/boa-bun-9x12.webp 9w, https:\/\/visitrydal.com\/wp-content\/uploads\/2025\/03\/boa-bun-300x400.webp 300w\" sizes=\"(max-width: 765px) 100vw, 765px\" \/>\t\t\t\t\t\t\t\t\t\t\t\t\t\t\t<\/div>\n\t\t\t\t<\/div>\n\t\t\t\t\t<\/div>\n\t\t<\/div>\n\t\t\t\t<div class=\"elementor-column elementor-col-50 elementor-top-column elementor-element elementor-element-06e7e49\" data-id=\"06e7e49\" data-element_type=\"column\">\n\t\t\t<div class=\"elementor-widget-wrap elementor-element-populated\">\n\t\t\t\t\t\t<div class=\"elementor-element elementor-element-e846283 elementor-widget-divider--view-line elementor-widget elementor-widget-divider\" data-id=\"e846283\" data-element_type=\"widget\" data-widget_type=\"divider.default\">\n\t\t\t\t<div class=\"elementor-widget-container\">\n\t\t\t\t\t\t\t<div class=\"elementor-divider\">\n\t\t\t<span class=\"elementor-divider-separator\">\n\t\t\t\t\t\t<\/span>\n\t\t<\/div>\n\t\t\t\t\t\t<\/div>\n\t\t\t\t<\/div>\n\t\t\t\t<div class=\"elementor-element elementor-element-5526a56 elementor-widget elementor-widget-text-editor\" data-id=\"5526a56\" data-element_type=\"widget\" data-widget_type=\"text-editor.default\">\n\t\t\t\t<div class=\"elementor-widget-container\">\n\t\t\t\t\t\t\t\t\t<p align=\"LEFT\"><span style=\"color: #000000;\"><strong><span style=\"font-family: Arial, sans-serif;\"><span style=\"font-size: large;\"><b>Alice Food Truck<\/b><\/span><\/span><\/strong><\/span><\/p><p align=\"LEFT\"><span style=\"color: #000000;\"><strong><span style=\"font-family: Arial, sans-serif;\"><span style=\"font-size: large;\"><b>at <\/b><\/span><\/span><\/strong><strong><span style=\"font-family: Arial, sans-serif;\"><span style=\"font-size: large;\"><b>10.00-17.00<\/b><\/span><\/span><\/strong><\/span><\/p><p align=\"LEFT\"><span style=\"color: #000000;\">V\u00e4lkommen till oss p\u00e5 Alice Foodtruck vi \u00a0serverar asiatisk streetfood \u2013 mjuka Bao buns som \u00e4r fluffiga, \u00e5ngade br\u00f6d som fylls med\u00a0 med krispig kyckling, l\u00e5ngbakat fl\u00e4sk eller gr\u00f6na favoriter. Snabbt, smakrikt och lagat p\u00e5 plats. Veganska och vegetariska alternativ finns. Betalning med Swish eller kort.\u00a0 \u00a0 \u00a0 \u00a0 \u00a0 \u00a0 \u00a0 \u00a0 \u00a0 \u00a0 \u00a0 \u00a0 <\/span><span style=\"color: #000000;\">Pris mellan 125-145 kr.\u00a0 \u00a0 \u00a0 \u00a0 \u00a0 \u00a0 \u00a0 \u00a0 \u00a0 \u00a0 \u00a0 \u00a0 \u00a0 V<\/span><span style=\"color: #000000;\">\u00e4lkommen till v\u00e5ran Foodtruck till v\u00e4nster om Rydals museums ing\u00e5ng. Det finns m\u00f6jlighet att sitta inne och \u00e4ta i museet om du g\u00e5r in genom ing\u00e5ngen till v\u00e4nster om foodtrucken.<\/span><\/p><p align=\"LEFT\"><span style=\"color: #000000;\">\u00a0<\/span><\/p><p align=\"LEFT\">\u00a0<\/p>\t\t\t\t\t\t\t\t<\/div>\n\t\t\t\t<\/div>\n\t\t\t\t\t<\/div>\n\t\t<\/div>\n\t\t\t\t\t<\/div>\n\t\t<\/section>\n\t\t\t\t<section class=\"elementor-section elementor-top-section elementor-element elementor-element-8b470c2 elementor-section-boxed elementor-section-height-default elementor-section-height-default\" data-id=\"8b470c2\" data-element_type=\"section\">\n\t\t\t\t\t\t<div class=\"elementor-container elementor-column-gap-default\">\n\t\t\t\t\t<div class=\"elementor-column elementor-col-100 elementor-top-column elementor-element elementor-element-951ffa5\" data-id=\"951ffa5\" data-element_type=\"column\">\n\t\t\t<div class=\"elementor-widget-wrap elementor-element-populated\">\n\t\t\t\t\t\t<div class=\"elementor-element elementor-element-5d321db elementor-widget-divider--view-line elementor-widget elementor-widget-divider\" data-id=\"5d321db\" data-element_type=\"widget\" data-widget_type=\"divider.default\">\n\t\t\t\t<div class=\"elementor-widget-container\">\n\t\t\t\t\t\t\t<div class=\"elementor-divider\">\n\t\t\t<span class=\"elementor-divider-separator\">\n\t\t\t\t\t\t<\/span>\n\t\t<\/div>\n\t\t\t\t\t\t<\/div>\n\t\t\t\t<\/div>\n\t\t\t\t\t<\/div>\n\t\t<\/div>\n\t\t\t\t\t<\/div>\n\t\t<\/section>\n\t\t\t\t<section class=\"elementor-section elementor-top-section elementor-element elementor-element-23b708d elementor-section-boxed elementor-section-height-default elementor-section-height-default\" data-id=\"23b708d\" data-element_type=\"section\">\n\t\t\t\t\t\t<div class=\"elementor-container elementor-column-gap-default\">\n\t\t\t\t\t<div class=\"elementor-column elementor-col-100 elementor-top-column elementor-element elementor-element-ad1ae58\" data-id=\"ad1ae58\" data-element_type=\"column\">\n\t\t\t<div class=\"elementor-widget-wrap elementor-element-populated\">\n\t\t\t\t\t\t<div class=\"elementor-element elementor-element-98c6d50 elementor-widget elementor-widget-image\" data-id=\"98c6d50\" data-element_type=\"widget\" data-widget_type=\"image.default\">\n\t\t\t\t<div class=\"elementor-widget-container\">\n\t\t\t\t\t\t\t\t\t\t\t\t\t\t\t<img loading=\"lazy\" decoding=\"async\" width=\"320\" height=\"320\" src=\"https:\/\/visitrydal.com\/wp-content\/uploads\/2025\/03\/Instagram-profilbild-Stick-och-spin-1.jpg\" class=\"attachment-large size-large wp-image-6844\" alt=\"\" srcset=\"https:\/\/visitrydal.com\/wp-content\/uploads\/2025\/03\/Instagram-profilbild-Stick-och-spin-1.jpg 320w, https:\/\/visitrydal.com\/wp-content\/uploads\/2025\/03\/Instagram-profilbild-Stick-och-spin-1-300x300.jpg 300w, https:\/\/visitrydal.com\/wp-content\/uploads\/2025\/03\/Instagram-profilbild-Stick-och-spin-1-150x150.jpg 150w, https:\/\/visitrydal.com\/wp-content\/uploads\/2025\/03\/Instagram-profilbild-Stick-och-spin-1-12x12.jpg 12w, https:\/\/visitrydal.com\/wp-content\/uploads\/2025\/03\/Instagram-profilbild-Stick-och-spin-1-60x60.jpg 60w, https:\/\/visitrydal.com\/wp-content\/uploads\/2025\/03\/Instagram-profilbild-Stick-och-spin-1-40x40.jpg 40w, https:\/\/visitrydal.com\/wp-content\/uploads\/2025\/03\/Instagram-profilbild-Stick-och-spin-1-80x80.jpg 80w, https:\/\/visitrydal.com\/wp-content\/uploads\/2025\/03\/Instagram-profilbild-Stick-och-spin-1-20x20.jpg 20w, https:\/\/visitrydal.com\/wp-content\/uploads\/2025\/03\/Instagram-profilbild-Stick-och-spin-1-128x128.jpg 128w, https:\/\/visitrydal.com\/wp-content\/uploads\/2025\/03\/Instagram-profilbild-Stick-och-spin-1-73x73.jpg 73w, https:\/\/visitrydal.com\/wp-content\/uploads\/2025\/03\/Instagram-profilbild-Stick-och-spin-1-130x130.jpg 130w\" sizes=\"(max-width: 320px) 100vw, 320px\" \/>\t\t\t\t\t\t\t\t\t\t\t\t\t\t\t<\/div>\n\t\t\t\t<\/div>\n\t\t\t\t\t<\/div>\n\t\t<\/div>\n\t\t\t\t\t<\/div>\n\t\t<\/section>\n\t\t\t\t<section class=\"elementor-section elementor-top-section elementor-element elementor-element-eebea69 elementor-section-boxed elementor-section-height-default elementor-section-height-default\" data-id=\"eebea69\" data-element_type=\"section\">\n\t\t\t\t\t\t<div class=\"elementor-container elementor-column-gap-default\">\n\t\t\t\t\t<div class=\"elementor-column elementor-col-100 elementor-top-column elementor-element elementor-element-5996e9b\" data-id=\"5996e9b\" data-element_type=\"column\">\n\t\t\t<div class=\"elementor-widget-wrap\">\n\t\t\t\t\t\t\t<\/div>\n\t\t<\/div>\n\t\t\t\t\t<\/div>\n\t\t<\/section>\n\t\t\t\t<\/div>","protected":false},"excerpt":{"rendered":"<p>P\u00e5 Marks bes\u00f6ksguide hittar du ett caf\u00e9 eller matst\u00e4lle f\u00f6r varje tillf\u00e4lle, som till exempel n\u00e4r du shoppar i Tygriket Rydals Herrg\u00e5rd i Rydal &nbsp; Lunch serveras varje dag 11.30-16.00&nbsp; hos Rydals Herrg\u00e5rd f\u00f6r 145 kr f\u00f6r deltagare p\u00e5 festen. H\u00e4r man kan njuta av f\u00f6rstklassig och traditionell mat! &nbsp; &nbsp; &nbsp; &nbsp; &nbsp; &nbsp; [&hellip;]<\/p>\n","protected":false},"author":1,"featured_media":6818,"comment_status":"closed","ping_status":"open","sticky":false,"template":"","format":"standard","meta":{"footnotes":""},"categories":[334],"tags":[],"class_list":["post-6787","post","type-post","status-publish","format-standard","has-post-thumbnail","hentry","category-aktiviteter-2025","blog-post"],"yoast_head":"<!-- This site is optimized with the Yoast SEO plugin v27.5 - https:\/\/yoast.com\/product\/yoast-seo-wordpress\/ -->\n<title>Mat\/Fika - Stick och spinnfest 2025 - Visit Rydal<\/title>\n<meta name=\"robots\" content=\"index, follow, max-snippet:-1, max-image-preview:large, max-video-preview:-1\" \/>\n<link rel=\"canonical\" href=\"https:\/\/visitrydal.com\/en\/mat-fika-stick-och-spinnfest-2025\/\" \/>\n<meta property=\"og:locale\" content=\"en_GB\" \/>\n<meta property=\"og:type\" content=\"article\" \/>\n<meta property=\"og:title\" content=\"Mat\/Fika - Stick och spinnfest 2025 - Visit Rydal\" \/>\n<meta property=\"og:description\" content=\"P\u00e5 Marks bes\u00f6ksguide hittar du ett caf\u00e9 eller matst\u00e4lle f\u00f6r varje tillf\u00e4lle, som till exempel n\u00e4r du shoppar i Tygriket Rydals Herrg\u00e5rd i Rydal &nbsp; Lunch serveras varje dag 11.30-16.00&nbsp; hos Rydals Herrg\u00e5rd f\u00f6r 145 kr f\u00f6r deltagare p\u00e5 festen. H\u00e4r man kan njuta av f\u00f6rstklassig och traditionell mat! &nbsp; &nbsp; &nbsp; &nbsp; &nbsp; &nbsp; [&hellip;]\" \/>\n<meta property=\"og:url\" content=\"https:\/\/visitrydal.com\/en\/mat-fika-stick-och-spinnfest-2025\/\" \/>\n<meta property=\"og:site_name\" content=\"Visit Rydal\" \/>\n<meta property=\"article:published_time\" content=\"2025-03-01T12:07:52+00:00\" \/>\n<meta property=\"article:modified_time\" content=\"2025-10-11T22:08:00+00:00\" \/>\n<meta property=\"og:image\" content=\"https:\/\/visitrydal.com\/wp-content\/uploads\/2025\/03\/Facebookomslag-Stick-och-spin-1.png\" \/>\n\t<meta property=\"og:image:width\" content=\"851\" \/>\n\t<meta property=\"og:image:height\" content=\"315\" \/>\n\t<meta property=\"og:image:type\" content=\"image\/png\" \/>\n<meta name=\"author\" content=\"admin\" \/>\n<meta name=\"twitter:card\" content=\"summary_large_image\" \/>\n<meta name=\"twitter:label1\" content=\"Written by\" \/>\n\t<meta name=\"twitter:data1\" content=\"admin\" \/>\n\t<meta name=\"twitter:label2\" content=\"Estimated reading time\" \/>\n\t<meta name=\"twitter:data2\" content=\"4 minutes\" \/>\n<script type=\"application\/ld+json\" class=\"yoast-schema-graph\">{\"@context\":\"https:\\\/\\\/schema.org\",\"@graph\":[{\"@type\":\"Article\",\"@id\":\"https:\\\/\\\/visitrydal.com\\\/mat-fika-stick-och-spinnfest-2025\\\/#article\",\"isPartOf\":{\"@id\":\"https:\\\/\\\/visitrydal.com\\\/mat-fika-stick-och-spinnfest-2025\\\/\"},\"author\":{\"name\":\"admin\",\"@id\":\"https:\\\/\\\/visitrydal.com\\\/#\\\/schema\\\/person\\\/3477be07bcb3acdfb7bfdcb913bea6b4\"},\"headline\":\"Mat\\\/Fika &#8211; Stick och spinnfest 2025\",\"datePublished\":\"2025-03-01T12:07:52+00:00\",\"dateModified\":\"2025-10-11T22:08:00+00:00\",\"mainEntityOfPage\":{\"@id\":\"https:\\\/\\\/visitrydal.com\\\/mat-fika-stick-och-spinnfest-2025\\\/\"},\"wordCount\":537,\"publisher\":{\"@id\":\"https:\\\/\\\/visitrydal.com\\\/#organization\"},\"image\":{\"@id\":\"https:\\\/\\\/visitrydal.com\\\/mat-fika-stick-och-spinnfest-2025\\\/#primaryimage\"},\"thumbnailUrl\":\"https:\\\/\\\/visitrydal.com\\\/wp-content\\\/uploads\\\/2025\\\/03\\\/Facebookomslag-Stick-och-spin-1.png\",\"articleSection\":[\"Aktiviteter-2025\"],\"inLanguage\":\"en-GB\"},{\"@type\":\"WebPage\",\"@id\":\"https:\\\/\\\/visitrydal.com\\\/mat-fika-stick-och-spinnfest-2025\\\/\",\"url\":\"https:\\\/\\\/visitrydal.com\\\/mat-fika-stick-och-spinnfest-2025\\\/\",\"name\":\"Mat\\\/Fika - Stick och spinnfest 2025 - Visit Rydal\",\"isPartOf\":{\"@id\":\"https:\\\/\\\/visitrydal.com\\\/#website\"},\"primaryImageOfPage\":{\"@id\":\"https:\\\/\\\/visitrydal.com\\\/mat-fika-stick-och-spinnfest-2025\\\/#primaryimage\"},\"image\":{\"@id\":\"https:\\\/\\\/visitrydal.com\\\/mat-fika-stick-och-spinnfest-2025\\\/#primaryimage\"},\"thumbnailUrl\":\"https:\\\/\\\/visitrydal.com\\\/wp-content\\\/uploads\\\/2025\\\/03\\\/Facebookomslag-Stick-och-spin-1.png\",\"datePublished\":\"2025-03-01T12:07:52+00:00\",\"dateModified\":\"2025-10-11T22:08:00+00:00\",\"breadcrumb\":{\"@id\":\"https:\\\/\\\/visitrydal.com\\\/mat-fika-stick-och-spinnfest-2025\\\/#breadcrumb\"},\"inLanguage\":\"en-GB\",\"potentialAction\":[{\"@type\":\"ReadAction\",\"target\":[\"https:\\\/\\\/visitrydal.com\\\/mat-fika-stick-och-spinnfest-2025\\\/\"]}]},{\"@type\":\"ImageObject\",\"inLanguage\":\"en-GB\",\"@id\":\"https:\\\/\\\/visitrydal.com\\\/mat-fika-stick-och-spinnfest-2025\\\/#primaryimage\",\"url\":\"https:\\\/\\\/visitrydal.com\\\/wp-content\\\/uploads\\\/2025\\\/03\\\/Facebookomslag-Stick-och-spin-1.png\",\"contentUrl\":\"https:\\\/\\\/visitrydal.com\\\/wp-content\\\/uploads\\\/2025\\\/03\\\/Facebookomslag-Stick-och-spin-1.png\",\"width\":851,\"height\":315},{\"@type\":\"BreadcrumbList\",\"@id\":\"https:\\\/\\\/visitrydal.com\\\/mat-fika-stick-och-spinnfest-2025\\\/#breadcrumb\",\"itemListElement\":[{\"@type\":\"ListItem\",\"position\":1,\"name\":\"Home\",\"item\":\"https:\\\/\\\/visitrydal.com\\\/\"},{\"@type\":\"ListItem\",\"position\":2,\"name\":\"Mat\\\/Fika &#8211; Stick och spinnfest 2025\"}]},{\"@type\":\"WebSite\",\"@id\":\"https:\\\/\\\/visitrydal.com\\\/#website\",\"url\":\"https:\\\/\\\/visitrydal.com\\\/\",\"name\":\"Visit Rydal\",\"description\":\"\",\"publisher\":{\"@id\":\"https:\\\/\\\/visitrydal.com\\\/#organization\"},\"potentialAction\":[{\"@type\":\"SearchAction\",\"target\":{\"@type\":\"EntryPoint\",\"urlTemplate\":\"https:\\\/\\\/visitrydal.com\\\/?s={search_term_string}\"},\"query-input\":{\"@type\":\"PropertyValueSpecification\",\"valueRequired\":true,\"valueName\":\"search_term_string\"}}],\"inLanguage\":\"en-GB\"},{\"@type\":\"Organization\",\"@id\":\"https:\\\/\\\/visitrydal.com\\\/#organization\",\"name\":\"Visit Rydal\",\"url\":\"https:\\\/\\\/visitrydal.com\\\/\",\"logo\":{\"@type\":\"ImageObject\",\"inLanguage\":\"en-GB\",\"@id\":\"https:\\\/\\\/visitrydal.com\\\/#\\\/schema\\\/logo\\\/image\\\/\",\"url\":\"https:\\\/\\\/visitrydal.com\\\/wp-content\\\/uploads\\\/2023\\\/06\\\/cropped-siteicon.png\",\"contentUrl\":\"https:\\\/\\\/visitrydal.com\\\/wp-content\\\/uploads\\\/2023\\\/06\\\/cropped-siteicon.png\",\"width\":512,\"height\":512,\"caption\":\"Visit Rydal\"},\"image\":{\"@id\":\"https:\\\/\\\/visitrydal.com\\\/#\\\/schema\\\/logo\\\/image\\\/\"}},{\"@type\":\"Person\",\"@id\":\"https:\\\/\\\/visitrydal.com\\\/#\\\/schema\\\/person\\\/3477be07bcb3acdfb7bfdcb913bea6b4\",\"name\":\"admin\",\"image\":{\"@type\":\"ImageObject\",\"inLanguage\":\"en-GB\",\"@id\":\"https:\\\/\\\/secure.gravatar.com\\\/avatar\\\/72127c8c45f68ca8ffbf4b86a62fec141db679ae75377bc79037987d9bc0ef40?s=96&d=mm&r=g\",\"url\":\"https:\\\/\\\/secure.gravatar.com\\\/avatar\\\/72127c8c45f68ca8ffbf4b86a62fec141db679ae75377bc79037987d9bc0ef40?s=96&d=mm&r=g\",\"contentUrl\":\"https:\\\/\\\/secure.gravatar.com\\\/avatar\\\/72127c8c45f68ca8ffbf4b86a62fec141db679ae75377bc79037987d9bc0ef40?s=96&d=mm&r=g\",\"caption\":\"admin\"},\"sameAs\":[\"https:\\\/\\\/visitrydal.com\"],\"url\":\"https:\\\/\\\/visitrydal.com\\\/en\\\/author\\\/admin\\\/\"}]}<\/script>\n<!-- \/ Yoast SEO plugin. -->","yoast_head_json":{"title":"Mat\/Fika - Stick och spinnfest 2025 - Visit Rydal","robots":{"index":"index","follow":"follow","max-snippet":"max-snippet:-1","max-image-preview":"max-image-preview:large","max-video-preview":"max-video-preview:-1"},"canonical":"https:\/\/visitrydal.com\/en\/mat-fika-stick-och-spinnfest-2025\/","og_locale":"en_GB","og_type":"article","og_title":"Mat\/Fika - Stick och spinnfest 2025 - Visit Rydal","og_description":"P\u00e5 Marks bes\u00f6ksguide hittar du ett caf\u00e9 eller matst\u00e4lle f\u00f6r varje tillf\u00e4lle, som till exempel n\u00e4r du shoppar i Tygriket Rydals Herrg\u00e5rd i Rydal &nbsp; Lunch serveras varje dag 11.30-16.00&nbsp; hos Rydals Herrg\u00e5rd f\u00f6r 145 kr f\u00f6r deltagare p\u00e5 festen. H\u00e4r man kan njuta av f\u00f6rstklassig och traditionell mat! &nbsp; &nbsp; &nbsp; &nbsp; &nbsp; &nbsp; [&hellip;]","og_url":"https:\/\/visitrydal.com\/en\/mat-fika-stick-och-spinnfest-2025\/","og_site_name":"Visit Rydal","article_published_time":"2025-03-01T12:07:52+00:00","article_modified_time":"2025-10-11T22:08:00+00:00","og_image":[{"width":851,"height":315,"url":"https:\/\/visitrydal.com\/wp-content\/uploads\/2025\/03\/Facebookomslag-Stick-och-spin-1.png","type":"image\/png"}],"author":"admin","twitter_card":"summary_large_image","twitter_misc":{"Written by":"admin","Estimated reading time":"4 minutes"},"schema":{"@context":"https:\/\/schema.org","@graph":[{"@type":"Article","@id":"https:\/\/visitrydal.com\/mat-fika-stick-och-spinnfest-2025\/#article","isPartOf":{"@id":"https:\/\/visitrydal.com\/mat-fika-stick-och-spinnfest-2025\/"},"author":{"name":"admin","@id":"https:\/\/visitrydal.com\/#\/schema\/person\/3477be07bcb3acdfb7bfdcb913bea6b4"},"headline":"Mat\/Fika &#8211; Stick och spinnfest 2025","datePublished":"2025-03-01T12:07:52+00:00","dateModified":"2025-10-11T22:08:00+00:00","mainEntityOfPage":{"@id":"https:\/\/visitrydal.com\/mat-fika-stick-och-spinnfest-2025\/"},"wordCount":537,"publisher":{"@id":"https:\/\/visitrydal.com\/#organization"},"image":{"@id":"https:\/\/visitrydal.com\/mat-fika-stick-och-spinnfest-2025\/#primaryimage"},"thumbnailUrl":"https:\/\/visitrydal.com\/wp-content\/uploads\/2025\/03\/Facebookomslag-Stick-och-spin-1.png","articleSection":["Aktiviteter-2025"],"inLanguage":"en-GB"},{"@type":"WebPage","@id":"https:\/\/visitrydal.com\/mat-fika-stick-och-spinnfest-2025\/","url":"https:\/\/visitrydal.com\/mat-fika-stick-och-spinnfest-2025\/","name":"Mat\/Fika - Stick och spinnfest 2025 - Visit Rydal","isPartOf":{"@id":"https:\/\/visitrydal.com\/#website"},"primaryImageOfPage":{"@id":"https:\/\/visitrydal.com\/mat-fika-stick-och-spinnfest-2025\/#primaryimage"},"image":{"@id":"https:\/\/visitrydal.com\/mat-fika-stick-och-spinnfest-2025\/#primaryimage"},"thumbnailUrl":"https:\/\/visitrydal.com\/wp-content\/uploads\/2025\/03\/Facebookomslag-Stick-och-spin-1.png","datePublished":"2025-03-01T12:07:52+00:00","dateModified":"2025-10-11T22:08:00+00:00","breadcrumb":{"@id":"https:\/\/visitrydal.com\/mat-fika-stick-och-spinnfest-2025\/#breadcrumb"},"inLanguage":"en-GB","potentialAction":[{"@type":"ReadAction","target":["https:\/\/visitrydal.com\/mat-fika-stick-och-spinnfest-2025\/"]}]},{"@type":"ImageObject","inLanguage":"en-GB","@id":"https:\/\/visitrydal.com\/mat-fika-stick-och-spinnfest-2025\/#primaryimage","url":"https:\/\/visitrydal.com\/wp-content\/uploads\/2025\/03\/Facebookomslag-Stick-och-spin-1.png","contentUrl":"https:\/\/visitrydal.com\/wp-content\/uploads\/2025\/03\/Facebookomslag-Stick-och-spin-1.png","width":851,"height":315},{"@type":"BreadcrumbList","@id":"https:\/\/visitrydal.com\/mat-fika-stick-och-spinnfest-2025\/#breadcrumb","itemListElement":[{"@type":"ListItem","position":1,"name":"Home","item":"https:\/\/visitrydal.com\/"},{"@type":"ListItem","position":2,"name":"Mat\/Fika &#8211; Stick och spinnfest 2025"}]},{"@type":"WebSite","@id":"https:\/\/visitrydal.com\/#website","url":"https:\/\/visitrydal.com\/","name":"Visit Rydal","description":"","publisher":{"@id":"https:\/\/visitrydal.com\/#organization"},"potentialAction":[{"@type":"SearchAction","target":{"@type":"EntryPoint","urlTemplate":"https:\/\/visitrydal.com\/?s={search_term_string}"},"query-input":{"@type":"PropertyValueSpecification","valueRequired":true,"valueName":"search_term_string"}}],"inLanguage":"en-GB"},{"@type":"Organization","@id":"https:\/\/visitrydal.com\/#organization","name":"Visit Rydal","url":"https:\/\/visitrydal.com\/","logo":{"@type":"ImageObject","inLanguage":"en-GB","@id":"https:\/\/visitrydal.com\/#\/schema\/logo\/image\/","url":"https:\/\/visitrydal.com\/wp-content\/uploads\/2023\/06\/cropped-siteicon.png","contentUrl":"https:\/\/visitrydal.com\/wp-content\/uploads\/2023\/06\/cropped-siteicon.png","width":512,"height":512,"caption":"Visit Rydal"},"image":{"@id":"https:\/\/visitrydal.com\/#\/schema\/logo\/image\/"}},{"@type":"Person","@id":"https:\/\/visitrydal.com\/#\/schema\/person\/3477be07bcb3acdfb7bfdcb913bea6b4","name":"admin","image":{"@type":"ImageObject","inLanguage":"en-GB","@id":"https:\/\/secure.gravatar.com\/avatar\/72127c8c45f68ca8ffbf4b86a62fec141db679ae75377bc79037987d9bc0ef40?s=96&d=mm&r=g","url":"https:\/\/secure.gravatar.com\/avatar\/72127c8c45f68ca8ffbf4b86a62fec141db679ae75377bc79037987d9bc0ef40?s=96&d=mm&r=g","contentUrl":"https:\/\/secure.gravatar.com\/avatar\/72127c8c45f68ca8ffbf4b86a62fec141db679ae75377bc79037987d9bc0ef40?s=96&d=mm&r=g","caption":"admin"},"sameAs":["https:\/\/visitrydal.com"],"url":"https:\/\/visitrydal.com\/en\/author\/admin\/"}]}},"_links":{"self":[{"href":"https:\/\/visitrydal.com\/en\/wp-json\/wp\/v2\/posts\/6787","targetHints":{"allow":["GET"]}}],"collection":[{"href":"https:\/\/visitrydal.com\/en\/wp-json\/wp\/v2\/posts"}],"about":[{"href":"https:\/\/visitrydal.com\/en\/wp-json\/wp\/v2\/types\/post"}],"author":[{"embeddable":true,"href":"https:\/\/visitrydal.com\/en\/wp-json\/wp\/v2\/users\/1"}],"replies":[{"embeddable":true,"href":"https:\/\/visitrydal.com\/en\/wp-json\/wp\/v2\/comments?post=6787"}],"version-history":[{"count":52,"href":"https:\/\/visitrydal.com\/en\/wp-json\/wp\/v2\/posts\/6787\/revisions"}],"predecessor-version":[{"id":8150,"href":"https:\/\/visitrydal.com\/en\/wp-json\/wp\/v2\/posts\/6787\/revisions\/8150"}],"wp:featuredmedia":[{"embeddable":true,"href":"https:\/\/visitrydal.com\/en\/wp-json\/wp\/v2\/media\/6818"}],"wp:attachment":[{"href":"https:\/\/visitrydal.com\/en\/wp-json\/wp\/v2\/media?parent=6787"}],"wp:term":[{"taxonomy":"category","embeddable":true,"href":"https:\/\/visitrydal.com\/en\/wp-json\/wp\/v2\/categories?post=6787"},{"taxonomy":"post_tag","embeddable":true,"href":"https:\/\/visitrydal.com\/en\/wp-json\/wp\/v2\/tags?post=6787"}],"curies":[{"name":"wp","href":"https:\/\/api.w.org\/{rel}","templated":true}]}}