{"id":5343,"date":"2024-05-19T19:29:41","date_gmt":"2024-05-19T19:29:41","guid":{"rendered":"https:\/\/visitrydal.com\/?p=5343"},"modified":"2025-04-21T06:45:10","modified_gmt":"2025-04-21T06:45:10","slug":"forsaljning-stick-och-spinnfest-2024","status":"publish","type":"post","link":"https:\/\/visitrydal.com\/en\/forsaljning-stick-och-spinnfest-2024\/","title":{"rendered":"Sale - Knitting and spinning party 2024"},"content":{"rendered":"<div data-elementor-type=\"wp-post\" data-elementor-id=\"5343\" class=\"elementor elementor-5343\">\n\t\t\t\t\t\t<section class=\"elementor-section elementor-top-section elementor-element elementor-element-dd6aacf elementor-section-boxed elementor-section-height-default elementor-section-height-default\" data-id=\"dd6aacf\" data-element_type=\"section\">\n\t\t\t\t\t\t<div class=\"elementor-container elementor-column-gap-default\">\n\t\t\t\t\t<div class=\"elementor-column elementor-col-100 elementor-top-column elementor-element elementor-element-330e65c\" data-id=\"330e65c\" data-element_type=\"column\">\n\t\t\t<div class=\"elementor-widget-wrap elementor-element-populated\">\n\t\t\t\t\t\t<div class=\"elementor-element elementor-element-487c0fb0 elementor-widget elementor-widget-heading\" data-id=\"487c0fb0\" data-element_type=\"widget\" data-widget_type=\"heading.default\">\n\t\t\t\t<div class=\"elementor-widget-container\">\n\t\t\t\t\t<h2 class=\"elementor-heading-title elementor-size-default\">Vendors selling yarn, books and other things<\/h2>\t\t\t\t<\/div>\n\t\t\t\t<\/div>\n\t\t\t\t<div class=\"elementor-element elementor-element-ff9674f elementor-widget-divider--view-line elementor-widget elementor-widget-divider\" data-id=\"ff9674f\" data-element_type=\"widget\" data-widget_type=\"divider.default\">\n\t\t\t\t<div class=\"elementor-widget-container\">\n\t\t\t\t\t\t\t<div class=\"elementor-divider\">\n\t\t\t<span class=\"elementor-divider-separator\">\n\t\t\t\t\t\t<\/span>\n\t\t<\/div>\n\t\t\t\t\t\t<\/div>\n\t\t\t\t<\/div>\n\t\t\t\t\t<\/div>\n\t\t<\/div>\n\t\t\t\t\t<\/div>\n\t\t<\/section>\n\t\t\t\t<section class=\"elementor-section elementor-top-section elementor-element elementor-element-414b6ff5 elementor-section-full_width elementor-section-height-default elementor-section-height-default\" data-id=\"414b6ff5\" data-element_type=\"section\">\n\t\t\t\t\t\t<div class=\"elementor-container elementor-column-gap-default\">\n\t\t\t\t\t<div class=\"elementor-column elementor-col-50 elementor-top-column elementor-element elementor-element-36d7ac65\" data-id=\"36d7ac65\" data-element_type=\"column\">\n\t\t\t<div class=\"elementor-widget-wrap elementor-element-populated\">\n\t\t\t\t\t\t<div class=\"elementor-element elementor-element-1d5d8ec1 elementor-widget elementor-widget-image\" data-id=\"1d5d8ec1\" data-element_type=\"widget\" data-widget_type=\"image.default\">\n\t\t\t\t<div class=\"elementor-widget-container\">\n\t\t\t\t\t\t\t\t\t\t\t\t\t\t\t<img fetchpriority=\"high\" decoding=\"async\" width=\"387\" height=\"581\" src=\"https:\/\/visitrydal.com\/wp-content\/uploads\/2024\/05\/forsaljare.jpg\" class=\"attachment-large size-large wp-image-5468\" alt=\"\" srcset=\"https:\/\/visitrydal.com\/wp-content\/uploads\/2024\/05\/forsaljare.jpg 387w, https:\/\/visitrydal.com\/wp-content\/uploads\/2024\/05\/forsaljare-200x300.jpg 200w, https:\/\/visitrydal.com\/wp-content\/uploads\/2024\/05\/forsaljare-8x12.jpg 8w, https:\/\/visitrydal.com\/wp-content\/uploads\/2024\/05\/forsaljare-266x400.jpg 266w\" sizes=\"(max-width: 387px) 100vw, 387px\" \/>\t\t\t\t\t\t\t\t\t\t\t\t\t\t\t<\/div>\n\t\t\t\t<\/div>\n\t\t\t\t\t<\/div>\n\t\t<\/div>\n\t\t\t\t<div class=\"elementor-column elementor-col-50 elementor-top-column elementor-element elementor-element-1b1e40f1\" data-id=\"1b1e40f1\" data-element_type=\"column\">\n\t\t\t<div class=\"elementor-widget-wrap elementor-element-populated\">\n\t\t\t\t\t\t<div class=\"elementor-element elementor-element-2fc283ac elementor-widget elementor-widget-heading\" data-id=\"2fc283ac\" data-element_type=\"widget\" data-widget_type=\"heading.default\">\n\t\t\t\t<div class=\"elementor-widget-container\">\n\t\t\t\t\t<h4 class=\"elementor-heading-title elementor-size-default\">October 12-13<br><b><span style=\"font-size:14.0pt;,sans-serif\">Opening hours 10-17.00<\/span><\/b><\/h4>\t\t\t\t<\/div>\n\t\t\t\t<\/div>\n\t\t\t\t<div class=\"elementor-element elementor-element-7886299e elementor-widget elementor-widget-text-editor\" data-id=\"7886299e\" data-element_type=\"widget\" data-widget_type=\"text-editor.default\">\n\t\t\t\t<div class=\"elementor-widget-container\">\n\t\t\t\t\t\t\t\t\t<p>The party opens. Marketplace with vendors opens.<\/p><p>There will be an opportunity to buy yarn, books and other things related to knitting and spinning.<br \/>We will publish who will be sellers of yarn, books and other things after the registrations are ready!<\/p>\t\t\t\t\t\t\t\t<\/div>\n\t\t\t\t<\/div>\n\t\t\t\t\t<\/div>\n\t\t<\/div>\n\t\t\t\t\t<\/div>\n\t\t<\/section>\n\t\t\t\t<section class=\"elementor-section elementor-top-section elementor-element elementor-element-3d137b12 elementor-section-boxed elementor-section-height-default elementor-section-height-default\" data-id=\"3d137b12\" data-element_type=\"section\">\n\t\t\t\t\t\t<div class=\"elementor-container elementor-column-gap-default\">\n\t\t\t\t\t<div class=\"elementor-column elementor-col-100 elementor-top-column elementor-element elementor-element-45276e5c\" data-id=\"45276e5c\" data-element_type=\"column\">\n\t\t\t<div class=\"elementor-widget-wrap elementor-element-populated\">\n\t\t\t\t\t\t<div class=\"elementor-element elementor-element-7ac27ccc elementor-widget elementor-widget-spacer\" data-id=\"7ac27ccc\" data-element_type=\"widget\" data-widget_type=\"spacer.default\">\n\t\t\t\t<div class=\"elementor-widget-container\">\n\t\t\t\t\t\t\t<div class=\"elementor-spacer\">\n\t\t\t<div class=\"elementor-spacer-inner\"><\/div>\n\t\t<\/div>\n\t\t\t\t\t\t<\/div>\n\t\t\t\t<\/div>\n\t\t\t\t<div class=\"elementor-element elementor-element-1f55eb66 elementor-widget-divider--view-line elementor-widget elementor-widget-divider\" data-id=\"1f55eb66\" data-element_type=\"widget\" data-widget_type=\"divider.default\">\n\t\t\t\t<div class=\"elementor-widget-container\">\n\t\t\t\t\t\t\t<div class=\"elementor-divider\">\n\t\t\t<span class=\"elementor-divider-separator\">\n\t\t\t\t\t\t<\/span>\n\t\t<\/div>\n\t\t\t\t\t\t<\/div>\n\t\t\t\t<\/div>\n\t\t\t\t\t<\/div>\n\t\t<\/div>\n\t\t\t\t\t<\/div>\n\t\t<\/section>\n\t\t\t\t<section class=\"elementor-section elementor-top-section elementor-element elementor-element-73adfbf elementor-section-full_width elementor-section-height-default elementor-section-height-default\" data-id=\"73adfbf\" data-element_type=\"section\">\n\t\t\t\t\t\t<div class=\"elementor-container elementor-column-gap-default\">\n\t\t\t\t\t<div class=\"elementor-column elementor-col-50 elementor-top-column elementor-element elementor-element-cee7bc2\" data-id=\"cee7bc2\" data-element_type=\"column\">\n\t\t\t<div class=\"elementor-widget-wrap elementor-element-populated\">\n\t\t\t\t\t\t<div class=\"elementor-element elementor-element-5143826 elementor-widget elementor-widget-image\" data-id=\"5143826\" data-element_type=\"widget\" data-widget_type=\"image.default\">\n\t\t\t\t<div class=\"elementor-widget-container\">\n\t\t\t\t\t\t\t\t\t\t\t\t\t\t\t<img decoding=\"async\" width=\"300\" height=\"222\" src=\"https:\/\/visitrydal.com\/wp-content\/uploads\/2024\/05\/Ankis-design_logo_svartMINI.jpg\" class=\"attachment-large size-large wp-image-6025\" alt=\"\" srcset=\"https:\/\/visitrydal.com\/wp-content\/uploads\/2024\/05\/Ankis-design_logo_svartMINI.jpg 300w, https:\/\/visitrydal.com\/wp-content\/uploads\/2024\/05\/Ankis-design_logo_svartMINI-16x12.jpg 16w\" sizes=\"(max-width: 300px) 100vw, 300px\" \/>\t\t\t\t\t\t\t\t\t\t\t\t\t\t\t<\/div>\n\t\t\t\t<\/div>\n\t\t\t\t<div class=\"elementor-element elementor-element-fd9257f elementor-widget elementor-widget-image\" data-id=\"fd9257f\" data-element_type=\"widget\" data-widget_type=\"image.default\">\n\t\t\t\t<div class=\"elementor-widget-container\">\n\t\t\t\t\t\t\t\t\t\t\t\t\t\t\t<img decoding=\"async\" width=\"600\" height=\"879\" src=\"https:\/\/visitrydal.com\/wp-content\/uploads\/2024\/05\/bladranka-Ankis-design.jpg\" class=\"attachment-large size-large wp-image-6024\" alt=\"\" srcset=\"https:\/\/visitrydal.com\/wp-content\/uploads\/2024\/05\/bladranka-Ankis-design.jpg 600w, https:\/\/visitrydal.com\/wp-content\/uploads\/2024\/05\/bladranka-Ankis-design-205x300.jpg 205w, https:\/\/visitrydal.com\/wp-content\/uploads\/2024\/05\/bladranka-Ankis-design-8x12.jpg 8w, https:\/\/visitrydal.com\/wp-content\/uploads\/2024\/05\/bladranka-Ankis-design-273x400.jpg 273w\" sizes=\"(max-width: 600px) 100vw, 600px\" \/>\t\t\t\t\t\t\t\t\t\t\t\t\t\t\t<\/div>\n\t\t\t\t<\/div>\n\t\t\t\t\t<\/div>\n\t\t<\/div>\n\t\t\t\t<div class=\"elementor-column elementor-col-50 elementor-top-column elementor-element elementor-element-38770f5\" data-id=\"38770f5\" data-element_type=\"column\">\n\t\t\t<div class=\"elementor-widget-wrap elementor-element-populated\">\n\t\t\t\t\t\t<div class=\"elementor-element elementor-element-7cbbfe2 elementor-widget elementor-widget-heading\" data-id=\"7cbbfe2\" data-element_type=\"widget\" data-widget_type=\"heading.default\">\n\t\t\t\t<div class=\"elementor-widget-container\">\n\t\t\t\t\t<h4 class=\"elementor-heading-title elementor-size-default\">Ankis design, yarn &amp; knitting studio<\/h4>\t\t\t\t<\/div>\n\t\t\t\t<\/div>\n\t\t\t\t<div class=\"elementor-element elementor-element-a80085d elementor-widget elementor-widget-text-editor\" data-id=\"a80085d\" data-element_type=\"widget\" data-widget_type=\"text-editor.default\">\n\t\t\t\t<div class=\"elementor-widget-container\">\n\t\t\t\t\t\t\t\t\t<p><span style=\"color: #000000;\">Wool yarn in different varieties and thicknesses, Icelandic wool, Norwegian wool, supersoft etc., also some ready-made shawls in merino wool and Icelandic sweaters.<\/span><\/p><p><span style=\"color: #000000;\">www.ankisdesign.se<\/span><br \/><span style=\"color: #000000;\">www.facebook.com\/Ankisdesign\/<\/span><\/p>\t\t\t\t\t\t\t\t<\/div>\n\t\t\t\t<\/div>\n\t\t\t\t\t<\/div>\n\t\t<\/div>\n\t\t\t\t\t<\/div>\n\t\t<\/section>\n\t\t\t\t<section class=\"elementor-section elementor-top-section elementor-element elementor-element-c1fb966 elementor-section-boxed elementor-section-height-default elementor-section-height-default\" data-id=\"c1fb966\" data-element_type=\"section\">\n\t\t\t\t\t\t<div class=\"elementor-container elementor-column-gap-default\">\n\t\t\t\t\t<div class=\"elementor-column elementor-col-100 elementor-top-column elementor-element elementor-element-d2b0767\" data-id=\"d2b0767\" data-element_type=\"column\">\n\t\t\t<div class=\"elementor-widget-wrap elementor-element-populated\">\n\t\t\t\t\t\t<div class=\"elementor-element elementor-element-881eb45 elementor-widget-divider--view-line elementor-widget elementor-widget-divider\" data-id=\"881eb45\" data-element_type=\"widget\" data-widget_type=\"divider.default\">\n\t\t\t\t<div class=\"elementor-widget-container\">\n\t\t\t\t\t\t\t<div class=\"elementor-divider\">\n\t\t\t<span class=\"elementor-divider-separator\">\n\t\t\t\t\t\t<\/span>\n\t\t<\/div>\n\t\t\t\t\t\t<\/div>\n\t\t\t\t<\/div>\n\t\t\t\t\t<\/div>\n\t\t<\/div>\n\t\t\t\t\t<\/div>\n\t\t<\/section>\n\t\t\t\t<section class=\"elementor-section elementor-top-section elementor-element elementor-element-aeb7b77 elementor-section-full_width elementor-section-height-default elementor-section-height-default\" data-id=\"aeb7b77\" data-element_type=\"section\">\n\t\t\t\t\t\t<div class=\"elementor-container elementor-column-gap-default\">\n\t\t\t\t\t<div class=\"elementor-column elementor-col-50 elementor-top-column elementor-element elementor-element-e7d489e\" data-id=\"e7d489e\" data-element_type=\"column\">\n\t\t\t<div class=\"elementor-widget-wrap elementor-element-populated\">\n\t\t\t\t\t\t<div class=\"elementor-element elementor-element-fbaf896 elementor-widget elementor-widget-image\" data-id=\"fbaf896\" data-element_type=\"widget\" data-widget_type=\"image.default\">\n\t\t\t\t<div class=\"elementor-widget-container\">\n\t\t\t\t\t\t\t\t\t\t\t\t\t\t\t<img loading=\"lazy\" decoding=\"async\" width=\"347\" height=\"311\" src=\"https:\/\/visitrydal.com\/wp-content\/uploads\/2024\/05\/baget.jpg\" class=\"attachment-large size-large wp-image-6029\" alt=\"\" srcset=\"https:\/\/visitrydal.com\/wp-content\/uploads\/2024\/05\/baget.jpg 347w, https:\/\/visitrydal.com\/wp-content\/uploads\/2024\/05\/baget-300x269.jpg 300w, https:\/\/visitrydal.com\/wp-content\/uploads\/2024\/05\/baget-13x12.jpg 13w\" sizes=\"(max-width: 347px) 100vw, 347px\" \/>\t\t\t\t\t\t\t\t\t\t\t\t\t\t\t<\/div>\n\t\t\t\t<\/div>\n\t\t\t\t\t<\/div>\n\t\t<\/div>\n\t\t\t\t<div class=\"elementor-column elementor-col-50 elementor-top-column elementor-element elementor-element-0453f9b\" data-id=\"0453f9b\" data-element_type=\"column\">\n\t\t\t<div class=\"elementor-widget-wrap elementor-element-populated\">\n\t\t\t\t\t\t<div class=\"elementor-element elementor-element-d3bce1e elementor-widget elementor-widget-heading\" data-id=\"d3bce1e\" data-element_type=\"widget\" data-widget_type=\"heading.default\">\n\t\t\t\t<div class=\"elementor-widget-container\">\n\t\t\t\t\t<h4 class=\"elementor-heading-title elementor-size-default\">The S\u00f6derg\u00e5rd arch <\/h4>\t\t\t\t<\/div>\n\t\t\t\t<\/div>\n\t\t\t\t<div class=\"elementor-element elementor-element-d1b11c0 elementor-widget elementor-widget-text-editor\" data-id=\"d1b11c0\" data-element_type=\"widget\" data-widget_type=\"text-editor.default\">\n\t\t\t\t<div class=\"elementor-widget-container\">\n\t\t\t\t\t\t\t\t\t<p>B\u00e5get S\u00f6derg\u00e5rd has been a retailer of Louet carding machines, spinners and looms for 10 years. At B\u00e5get S\u00f6derg\u00e5rd you get personal service. We give you advice before your purchase and are then here when you want to buy accessories or spare parts. You are welcome to Gr\u00e4nna on a tailored try-on course or visit our showroom where you can test a selection of Lou\u00ebt carding machines, spinners and looms.<\/p><p>website: www.bagetsodergard.se<\/p><p>\u00a0#bagetsodegard<\/p><p>Catrine \u2013 B\u00e5get S\u00f6derg\u00e5rd<\/p>\t\t\t\t\t\t\t\t<\/div>\n\t\t\t\t<\/div>\n\t\t\t\t\t<\/div>\n\t\t<\/div>\n\t\t\t\t\t<\/div>\n\t\t<\/section>\n\t\t\t\t<section class=\"elementor-section elementor-top-section elementor-element elementor-element-5c94a4f elementor-section-boxed elementor-section-height-default elementor-section-height-default\" data-id=\"5c94a4f\" data-element_type=\"section\">\n\t\t\t\t\t\t<div class=\"elementor-container elementor-column-gap-default\">\n\t\t\t\t\t<div class=\"elementor-column elementor-col-100 elementor-top-column elementor-element elementor-element-6c37371\" data-id=\"6c37371\" data-element_type=\"column\">\n\t\t\t<div class=\"elementor-widget-wrap elementor-element-populated\">\n\t\t\t\t\t\t<div class=\"elementor-element elementor-element-36dcf88 elementor-widget-divider--view-line elementor-widget elementor-widget-divider\" data-id=\"36dcf88\" data-element_type=\"widget\" data-widget_type=\"divider.default\">\n\t\t\t\t<div class=\"elementor-widget-container\">\n\t\t\t\t\t\t\t<div class=\"elementor-divider\">\n\t\t\t<span class=\"elementor-divider-separator\">\n\t\t\t\t\t\t<\/span>\n\t\t<\/div>\n\t\t\t\t\t\t<\/div>\n\t\t\t\t<\/div>\n\t\t\t\t\t<\/div>\n\t\t<\/div>\n\t\t\t\t\t<\/div>\n\t\t<\/section>\n\t\t\t\t<section class=\"elementor-section elementor-top-section elementor-element elementor-element-042db83 elementor-section-full_width elementor-section-height-default elementor-section-height-default\" data-id=\"042db83\" data-element_type=\"section\">\n\t\t\t\t\t\t<div class=\"elementor-container elementor-column-gap-default\">\n\t\t\t\t\t<div class=\"elementor-column elementor-col-50 elementor-top-column elementor-element elementor-element-4cb90f5\" data-id=\"4cb90f5\" data-element_type=\"column\">\n\t\t\t<div class=\"elementor-widget-wrap elementor-element-populated\">\n\t\t\t\t\t\t<div class=\"elementor-element elementor-element-9c08aba elementor-widget elementor-widget-image\" data-id=\"9c08aba\" data-element_type=\"widget\" data-widget_type=\"image.default\">\n\t\t\t\t<div class=\"elementor-widget-container\">\n\t\t\t\t\t\t\t\t\t\t\t\t\t\t\t<img loading=\"lazy\" decoding=\"async\" width=\"213\" height=\"212\" src=\"https:\/\/visitrydal.com\/wp-content\/uploads\/2024\/05\/ulldille.jpg\" class=\"attachment-large size-large wp-image-6030\" alt=\"\" srcset=\"https:\/\/visitrydal.com\/wp-content\/uploads\/2024\/05\/ulldille.jpg 213w, https:\/\/visitrydal.com\/wp-content\/uploads\/2024\/05\/ulldille-150x150.jpg 150w, https:\/\/visitrydal.com\/wp-content\/uploads\/2024\/05\/ulldille-12x12.jpg 12w, https:\/\/visitrydal.com\/wp-content\/uploads\/2024\/05\/ulldille-60x60.jpg 60w, https:\/\/visitrydal.com\/wp-content\/uploads\/2024\/05\/ulldille-40x40.jpg 40w, https:\/\/visitrydal.com\/wp-content\/uploads\/2024\/05\/ulldille-80x80.jpg 80w, https:\/\/visitrydal.com\/wp-content\/uploads\/2024\/05\/ulldille-20x20.jpg 20w, https:\/\/visitrydal.com\/wp-content\/uploads\/2024\/05\/ulldille-128x128.jpg 128w, https:\/\/visitrydal.com\/wp-content\/uploads\/2024\/05\/ulldille-73x73.jpg 73w, https:\/\/visitrydal.com\/wp-content\/uploads\/2024\/05\/ulldille-130x130.jpg 130w\" sizes=\"(max-width: 213px) 100vw, 213px\" \/>\t\t\t\t\t\t\t\t\t\t\t\t\t\t\t<\/div>\n\t\t\t\t<\/div>\n\t\t\t\t\t<\/div>\n\t\t<\/div>\n\t\t\t\t<div class=\"elementor-column elementor-col-50 elementor-top-column elementor-element elementor-element-b7d348c\" data-id=\"b7d348c\" data-element_type=\"column\">\n\t\t\t<div class=\"elementor-widget-wrap elementor-element-populated\">\n\t\t\t\t\t\t<div class=\"elementor-element elementor-element-65c68a9 elementor-widget elementor-widget-heading\" data-id=\"65c68a9\" data-element_type=\"widget\" data-widget_type=\"heading.default\">\n\t\t\t\t<div class=\"elementor-widget-container\">\n\t\t\t\t\t<h4 class=\"elementor-heading-title elementor-size-default\">Wool craze<\/h4>\t\t\t\t<\/div>\n\t\t\t\t<\/div>\n\t\t\t\t<div class=\"elementor-element elementor-element-cd5f123 elementor-widget elementor-widget-text-editor\" data-id=\"cd5f123\" data-element_type=\"widget\" data-widget_type=\"text-editor.default\">\n\t\t\t\t<div class=\"elementor-widget-container\">\n\t\t\t\t\t\t\t\t\t<p>Ulldille is making a book about Swedish wool that has the working name <strong>More wool for the people<\/strong>. The book will spread knowledge about our fantastic wool and make it better known as an environmentally friendly and sustainable resource. Swedish wool is just waiting to be put to more use, in a wide variety of uses!<\/p><p>We who make the book are called Pia Mattzon, author and writer, and Anna Sigge, freelance photographer.<\/p><p>With us, you can pre-purchase the book as support for our continued work, for which we are doing a crowdfunding collection right up to printing, or directly on the spot buy Ulldille&#039;s wall calendar with photos of Anna.<\/p><p>You can also squeeze some lovely wool, check out our fully woven sheep traps from sheep that are still alive and see some different crafting techniques to use with wool; from unwashed raw wool, dyed ullocks and lovely cardamom, to knitting yarns.\u201d<\/p><p>https:\/\/www.ulldille.se\/\u00a0<\/p><p>https:\/\/www.facebook.com\/ulldille.se<\/p><p>https:\/\/www.instagram.com\/ulldille.se\/<\/p>\t\t\t\t\t\t\t\t<\/div>\n\t\t\t\t<\/div>\n\t\t\t\t\t<\/div>\n\t\t<\/div>\n\t\t\t\t\t<\/div>\n\t\t<\/section>\n\t\t\t\t<section class=\"elementor-section elementor-top-section elementor-element elementor-element-231bd4a elementor-section-boxed elementor-section-height-default elementor-section-height-default\" data-id=\"231bd4a\" data-element_type=\"section\">\n\t\t\t\t\t\t<div class=\"elementor-container elementor-column-gap-default\">\n\t\t\t\t\t<div class=\"elementor-column elementor-col-100 elementor-top-column elementor-element elementor-element-06fdc94\" data-id=\"06fdc94\" data-element_type=\"column\">\n\t\t\t<div class=\"elementor-widget-wrap elementor-element-populated\">\n\t\t\t\t\t\t<div class=\"elementor-element elementor-element-c1d25bc elementor-widget-divider--view-line elementor-widget elementor-widget-divider\" data-id=\"c1d25bc\" data-element_type=\"widget\" data-widget_type=\"divider.default\">\n\t\t\t\t<div class=\"elementor-widget-container\">\n\t\t\t\t\t\t\t<div class=\"elementor-divider\">\n\t\t\t<span class=\"elementor-divider-separator\">\n\t\t\t\t\t\t<\/span>\n\t\t<\/div>\n\t\t\t\t\t\t<\/div>\n\t\t\t\t<\/div>\n\t\t\t\t\t<\/div>\n\t\t<\/div>\n\t\t\t\t\t<\/div>\n\t\t<\/section>\n\t\t\t\t<section class=\"elementor-section elementor-top-section elementor-element elementor-element-56bdd78 elementor-section-full_width elementor-section-height-default elementor-section-height-default\" data-id=\"56bdd78\" data-element_type=\"section\">\n\t\t\t\t\t\t<div class=\"elementor-container elementor-column-gap-default\">\n\t\t\t\t\t<div class=\"elementor-column elementor-col-50 elementor-top-column elementor-element elementor-element-2eb2ee7\" data-id=\"2eb2ee7\" data-element_type=\"column\">\n\t\t\t<div class=\"elementor-widget-wrap elementor-element-populated\">\n\t\t\t\t\t\t<div class=\"elementor-element elementor-element-d1decb5 elementor-widget elementor-widget-image\" data-id=\"d1decb5\" data-element_type=\"widget\" data-widget_type=\"image.default\">\n\t\t\t\t<div class=\"elementor-widget-container\">\n\t\t\t\t\t\t\t\t\t\t\t\t\t\t\t<img loading=\"lazy\" decoding=\"async\" width=\"764\" height=\"1024\" src=\"https:\/\/visitrydal.com\/wp-content\/uploads\/2024\/05\/Garngladje-764x1024.jpg\" class=\"attachment-large size-large wp-image-6031\" alt=\"\" srcset=\"https:\/\/visitrydal.com\/wp-content\/uploads\/2024\/05\/Garngladje-764x1024.jpg 764w, https:\/\/visitrydal.com\/wp-content\/uploads\/2024\/05\/Garngladje-224x300.jpg 224w, https:\/\/visitrydal.com\/wp-content\/uploads\/2024\/05\/Garngladje-768x1029.jpg 768w, https:\/\/visitrydal.com\/wp-content\/uploads\/2024\/05\/Garngladje-1146x1536.jpg 1146w, https:\/\/visitrydal.com\/wp-content\/uploads\/2024\/05\/Garngladje-1528x2048.jpg 1528w, https:\/\/visitrydal.com\/wp-content\/uploads\/2024\/05\/Garngladje-9x12.jpg 9w, https:\/\/visitrydal.com\/wp-content\/uploads\/2024\/05\/Garngladje-298x400.jpg 298w, https:\/\/visitrydal.com\/wp-content\/uploads\/2024\/05\/Garngladje-scaled.jpg 1910w\" sizes=\"(max-width: 764px) 100vw, 764px\" \/>\t\t\t\t\t\t\t\t\t\t\t\t\t\t\t<\/div>\n\t\t\t\t<\/div>\n\t\t\t\t\t<\/div>\n\t\t<\/div>\n\t\t\t\t<div class=\"elementor-column elementor-col-50 elementor-top-column elementor-element elementor-element-3ba1b18\" data-id=\"3ba1b18\" data-element_type=\"column\">\n\t\t\t<div class=\"elementor-widget-wrap elementor-element-populated\">\n\t\t\t\t\t\t<div class=\"elementor-element elementor-element-adf8a68 elementor-widget elementor-widget-heading\" data-id=\"adf8a68\" data-element_type=\"widget\" data-widget_type=\"heading.default\">\n\t\t\t\t<div class=\"elementor-widget-container\">\n\t\t\t\t\t<h4 class=\"elementor-heading-title elementor-size-default\">Yarn joy<\/h4>\t\t\t\t<\/div>\n\t\t\t\t<\/div>\n\t\t\t\t<div class=\"elementor-element elementor-element-f0a98ac elementor-widget elementor-widget-text-editor\" data-id=\"f0a98ac\" data-element_type=\"widget\" data-widget_type=\"text-editor.default\">\n\t\t\t\t<div class=\"elementor-widget-container\">\n\t\t\t\t\t\t\t\t\t<p>My name is Kerstin and I run Garngl\u00e4dje, a cozy yarn shop in S\u00e4tila. For over 15 years I have shared my passion for yarn and knitting with our amazing customers. For me, yarn is not just a material \u2013 it&#039;s pure joy!<\/p><p>My love for yarn started as a child, and since then I have explored everything from knitting to spinning my own yarn, something that is close to my heart. For a time I also had my own sheep, and I learned a lot about the unique properties of wool by cutting and spinning the yarn myself.<\/p><p>At Garngl\u00e4dje you will find a carefully selected range of yarns from brands such as Isager, Geilsk, Ullcentrum, BC-garn, Noro and Kremke. I am passionate about sustainability and always strive to offer the highest quality yarns that are made with care and without synthetic materials.<\/p><p>Yarn joy - Quality yarns in an inspiring environment and online.<\/p><p>www.garngladje.se\u00a0<\/p><p>Instagram: @garngladje<\/p><p>e-mail: kerstin@garngladje.se<\/p>\t\t\t\t\t\t\t\t<\/div>\n\t\t\t\t<\/div>\n\t\t\t\t\t<\/div>\n\t\t<\/div>\n\t\t\t\t\t<\/div>\n\t\t<\/section>\n\t\t\t\t<section class=\"elementor-section elementor-top-section elementor-element elementor-element-d72fa1a elementor-section-boxed elementor-section-height-default elementor-section-height-default\" data-id=\"d72fa1a\" data-element_type=\"section\">\n\t\t\t\t\t\t<div class=\"elementor-container elementor-column-gap-default\">\n\t\t\t\t\t<div class=\"elementor-column elementor-col-100 elementor-top-column elementor-element elementor-element-d9d505c\" data-id=\"d9d505c\" data-element_type=\"column\">\n\t\t\t<div class=\"elementor-widget-wrap elementor-element-populated\">\n\t\t\t\t\t\t<div class=\"elementor-element elementor-element-d1b901b elementor-widget-divider--view-line elementor-widget elementor-widget-divider\" data-id=\"d1b901b\" data-element_type=\"widget\" data-widget_type=\"divider.default\">\n\t\t\t\t<div class=\"elementor-widget-container\">\n\t\t\t\t\t\t\t<div class=\"elementor-divider\">\n\t\t\t<span class=\"elementor-divider-separator\">\n\t\t\t\t\t\t<\/span>\n\t\t<\/div>\n\t\t\t\t\t\t<\/div>\n\t\t\t\t<\/div>\n\t\t\t\t\t<\/div>\n\t\t<\/div>\n\t\t\t\t\t<\/div>\n\t\t<\/section>\n\t\t\t\t<section class=\"elementor-section elementor-top-section elementor-element elementor-element-ec445e4 elementor-section-full_width elementor-section-height-default elementor-section-height-default\" data-id=\"ec445e4\" data-element_type=\"section\">\n\t\t\t\t\t\t<div class=\"elementor-container elementor-column-gap-default\">\n\t\t\t\t\t<div class=\"elementor-column elementor-col-50 elementor-top-column elementor-element elementor-element-e7bd35c\" data-id=\"e7bd35c\" data-element_type=\"column\">\n\t\t\t<div class=\"elementor-widget-wrap elementor-element-populated\">\n\t\t\t\t\t\t<div class=\"elementor-element elementor-element-0851cb7 elementor-widget elementor-widget-image\" data-id=\"0851cb7\" data-element_type=\"widget\" data-widget_type=\"image.default\">\n\t\t\t\t<div class=\"elementor-widget-container\">\n\t\t\t\t\t\t\t\t\t\t\t\t\t\t\t<img loading=\"lazy\" decoding=\"async\" width=\"1024\" height=\"767\" src=\"https:\/\/visitrydal.com\/wp-content\/uploads\/2024\/05\/Silvra.jpg\" class=\"attachment-large size-large wp-image-6032\" alt=\"\" srcset=\"https:\/\/visitrydal.com\/wp-content\/uploads\/2024\/05\/Silvra.jpg 1024w, https:\/\/visitrydal.com\/wp-content\/uploads\/2024\/05\/Silvra-300x225.jpg 300w, https:\/\/visitrydal.com\/wp-content\/uploads\/2024\/05\/Silvra-768x575.jpg 768w, https:\/\/visitrydal.com\/wp-content\/uploads\/2024\/05\/Silvra-16x12.jpg 16w, https:\/\/visitrydal.com\/wp-content\/uploads\/2024\/05\/Silvra-600x450.jpg 600w, https:\/\/visitrydal.com\/wp-content\/uploads\/2024\/05\/Silvra-200x150.jpg 200w, https:\/\/visitrydal.com\/wp-content\/uploads\/2024\/05\/Silvra-534x400.jpg 534w\" sizes=\"(max-width: 1024px) 100vw, 1024px\" \/>\t\t\t\t\t\t\t\t\t\t\t\t\t\t\t<\/div>\n\t\t\t\t<\/div>\n\t\t\t\t\t<\/div>\n\t\t<\/div>\n\t\t\t\t<div class=\"elementor-column elementor-col-50 elementor-top-column elementor-element elementor-element-f44563b\" data-id=\"f44563b\" data-element_type=\"column\">\n\t\t\t<div class=\"elementor-widget-wrap elementor-element-populated\">\n\t\t\t\t\t\t<div class=\"elementor-element elementor-element-b8a8048 elementor-widget elementor-widget-heading\" data-id=\"b8a8048\" data-element_type=\"widget\" data-widget_type=\"heading.default\">\n\t\t\t\t<div class=\"elementor-widget-container\">\n\t\t\t\t\t<h4 class=\"elementor-heading-title elementor-size-default\">Silver<\/h4>\t\t\t\t<\/div>\n\t\t\t\t<\/div>\n\t\t\t\t<div class=\"elementor-element elementor-element-e175f15 elementor-widget elementor-widget-text-editor\" data-id=\"e175f15\" data-element_type=\"widget\" data-widget_type=\"text-editor.default\">\n\t\t\t\t<div class=\"elementor-widget-container\">\n\t\t\t\t\t\t\t\t\t<p>My name is Birgitta Thanell and I run the shop and silversmith \u201cSilvra\u201d in Kinna. I make and design my own silver jewelry.<br \/>My specialty is jewelry knitted from thin silver thread. I also work with other techniques.<br \/>I will show and tell a little about silver knitting in Silvra&#039;s stand.<\/p><p>https:\/\/www.facebook.com\/Silvra.silversmycken<br \/>https:\/\/www.instagram.com\/silvrabirgittathanell?igsh=ZjZpY285bDR0emFh<\/p>\t\t\t\t\t\t\t\t<\/div>\n\t\t\t\t<\/div>\n\t\t\t\t\t<\/div>\n\t\t<\/div>\n\t\t\t\t\t<\/div>\n\t\t<\/section>\n\t\t\t\t<section class=\"elementor-section elementor-top-section elementor-element elementor-element-d3ee448 elementor-section-boxed elementor-section-height-default elementor-section-height-default\" data-id=\"d3ee448\" data-element_type=\"section\">\n\t\t\t\t\t\t<div class=\"elementor-container elementor-column-gap-default\">\n\t\t\t\t\t<div class=\"elementor-column elementor-col-100 elementor-top-column elementor-element elementor-element-6cc93f9\" data-id=\"6cc93f9\" data-element_type=\"column\">\n\t\t\t<div class=\"elementor-widget-wrap elementor-element-populated\">\n\t\t\t\t\t\t<div class=\"elementor-element elementor-element-a20ab03 elementor-widget-divider--view-line elementor-widget elementor-widget-divider\" data-id=\"a20ab03\" data-element_type=\"widget\" data-widget_type=\"divider.default\">\n\t\t\t\t<div class=\"elementor-widget-container\">\n\t\t\t\t\t\t\t<div class=\"elementor-divider\">\n\t\t\t<span class=\"elementor-divider-separator\">\n\t\t\t\t\t\t<\/span>\n\t\t<\/div>\n\t\t\t\t\t\t<\/div>\n\t\t\t\t<\/div>\n\t\t\t\t\t<\/div>\n\t\t<\/div>\n\t\t\t\t\t<\/div>\n\t\t<\/section>\n\t\t\t\t<section class=\"elementor-section elementor-top-section elementor-element elementor-element-ef80faf elementor-section-full_width elementor-section-height-default elementor-section-height-default\" data-id=\"ef80faf\" data-element_type=\"section\">\n\t\t\t\t\t\t<div class=\"elementor-container elementor-column-gap-default\">\n\t\t\t\t\t<div class=\"elementor-column elementor-col-50 elementor-top-column elementor-element elementor-element-52cddb4\" data-id=\"52cddb4\" data-element_type=\"column\">\n\t\t\t<div class=\"elementor-widget-wrap elementor-element-populated\">\n\t\t\t\t\t\t<div class=\"elementor-element elementor-element-a1d3f63 elementor-widget elementor-widget-image\" data-id=\"a1d3f63\" data-element_type=\"widget\" data-widget_type=\"image.default\">\n\t\t\t\t<div class=\"elementor-widget-container\">\n\t\t\t\t\t\t\t\t\t\t\t\t\t\t\t<img loading=\"lazy\" decoding=\"async\" width=\"1024\" height=\"768\" src=\"https:\/\/visitrydal.com\/wp-content\/uploads\/2024\/05\/garnmakeriet-1024x768.jpg\" class=\"attachment-large size-large wp-image-6033\" alt=\"\" srcset=\"https:\/\/visitrydal.com\/wp-content\/uploads\/2024\/05\/garnmakeriet-1024x768.jpg 1024w, https:\/\/visitrydal.com\/wp-content\/uploads\/2024\/05\/garnmakeriet-300x225.jpg 300w, https:\/\/visitrydal.com\/wp-content\/uploads\/2024\/05\/garnmakeriet-768x576.jpg 768w, https:\/\/visitrydal.com\/wp-content\/uploads\/2024\/05\/garnmakeriet-1536x1152.jpg 1536w, https:\/\/visitrydal.com\/wp-content\/uploads\/2024\/05\/garnmakeriet-2048x1536.jpg 2048w, https:\/\/visitrydal.com\/wp-content\/uploads\/2024\/05\/garnmakeriet-16x12.jpg 16w, https:\/\/visitrydal.com\/wp-content\/uploads\/2024\/05\/garnmakeriet-600x450.jpg 600w, https:\/\/visitrydal.com\/wp-content\/uploads\/2024\/05\/garnmakeriet-200x150.jpg 200w, https:\/\/visitrydal.com\/wp-content\/uploads\/2024\/05\/garnmakeriet-533x400.jpg 533w\" sizes=\"(max-width: 1024px) 100vw, 1024px\" \/>\t\t\t\t\t\t\t\t\t\t\t\t\t\t\t<\/div>\n\t\t\t\t<\/div>\n\t\t\t\t\t<\/div>\n\t\t<\/div>\n\t\t\t\t<div class=\"elementor-column elementor-col-50 elementor-top-column elementor-element elementor-element-7ba2371\" data-id=\"7ba2371\" data-element_type=\"column\">\n\t\t\t<div class=\"elementor-widget-wrap elementor-element-populated\">\n\t\t\t\t\t\t<div class=\"elementor-element elementor-element-1bba038 elementor-widget elementor-widget-heading\" data-id=\"1bba038\" data-element_type=\"widget\" data-widget_type=\"heading.default\">\n\t\t\t\t<div class=\"elementor-widget-container\">\n\t\t\t\t\t<h4 class=\"elementor-heading-title elementor-size-default\">The yarn factory<\/h4>\t\t\t\t<\/div>\n\t\t\t\t<\/div>\n\t\t\t\t<div class=\"elementor-element elementor-element-337e6ea elementor-widget elementor-widget-text-editor\" data-id=\"337e6ea\" data-element_type=\"widget\" data-widget_type=\"text-editor.default\">\n\t\t\t\t<div class=\"elementor-widget-container\">\n\t\t\t\t\t\t\t\t\t<p>The yarn factory loves color! We work with untreated wool yarns which we dye in lovely colours. Feel free to check out our instagram @garnmakeriet and our webshop https:\/\/garnmakeriet.se\/<\/p>\t\t\t\t\t\t\t\t<\/div>\n\t\t\t\t<\/div>\n\t\t\t\t\t<\/div>\n\t\t<\/div>\n\t\t\t\t\t<\/div>\n\t\t<\/section>\n\t\t\t\t<section class=\"elementor-section elementor-top-section elementor-element elementor-element-891ab5c elementor-section-boxed elementor-section-height-default elementor-section-height-default\" data-id=\"891ab5c\" data-element_type=\"section\">\n\t\t\t\t\t\t<div class=\"elementor-container elementor-column-gap-default\">\n\t\t\t\t\t<div class=\"elementor-column elementor-col-100 elementor-top-column elementor-element elementor-element-08b78ee\" data-id=\"08b78ee\" data-element_type=\"column\">\n\t\t\t<div class=\"elementor-widget-wrap elementor-element-populated\">\n\t\t\t\t\t\t<div class=\"elementor-element elementor-element-de01f2b elementor-widget-divider--view-line elementor-widget elementor-widget-divider\" data-id=\"de01f2b\" data-element_type=\"widget\" data-widget_type=\"divider.default\">\n\t\t\t\t<div class=\"elementor-widget-container\">\n\t\t\t\t\t\t\t<div class=\"elementor-divider\">\n\t\t\t<span class=\"elementor-divider-separator\">\n\t\t\t\t\t\t<\/span>\n\t\t<\/div>\n\t\t\t\t\t\t<\/div>\n\t\t\t\t<\/div>\n\t\t\t\t\t<\/div>\n\t\t<\/div>\n\t\t\t\t\t<\/div>\n\t\t<\/section>\n\t\t\t\t<section class=\"elementor-section elementor-top-section elementor-element elementor-element-d96c328 elementor-section-full_width elementor-section-height-default elementor-section-height-default\" data-id=\"d96c328\" data-element_type=\"section\">\n\t\t\t\t\t\t<div class=\"elementor-container elementor-column-gap-default\">\n\t\t\t\t\t<div class=\"elementor-column elementor-col-50 elementor-top-column elementor-element elementor-element-1da670b\" data-id=\"1da670b\" data-element_type=\"column\">\n\t\t\t<div class=\"elementor-widget-wrap elementor-element-populated\">\n\t\t\t\t\t\t<div class=\"elementor-element elementor-element-7605cfd elementor-widget elementor-widget-image\" data-id=\"7605cfd\" data-element_type=\"widget\" data-widget_type=\"image.default\">\n\t\t\t\t<div class=\"elementor-widget-container\">\n\t\t\t\t\t\t\t\t\t\t\t\t\t\t\t<img loading=\"lazy\" decoding=\"async\" width=\"768\" height=\"1024\" src=\"https:\/\/visitrydal.com\/wp-content\/uploads\/2024\/05\/Skew-Design-768x1024.jpg\" class=\"attachment-large size-large wp-image-6035\" alt=\"\" srcset=\"https:\/\/visitrydal.com\/wp-content\/uploads\/2024\/05\/Skew-Design-768x1024.jpg 768w, https:\/\/visitrydal.com\/wp-content\/uploads\/2024\/05\/Skew-Design-225x300.jpg 225w, https:\/\/visitrydal.com\/wp-content\/uploads\/2024\/05\/Skew-Design-1152x1536.jpg 1152w, https:\/\/visitrydal.com\/wp-content\/uploads\/2024\/05\/Skew-Design-1536x2048.jpg 1536w, https:\/\/visitrydal.com\/wp-content\/uploads\/2024\/05\/Skew-Design-9x12.jpg 9w, https:\/\/visitrydal.com\/wp-content\/uploads\/2024\/05\/Skew-Design-300x400.jpg 300w, https:\/\/visitrydal.com\/wp-content\/uploads\/2024\/05\/Skew-Design-scaled.jpg 1920w\" sizes=\"(max-width: 768px) 100vw, 768px\" \/>\t\t\t\t\t\t\t\t\t\t\t\t\t\t\t<\/div>\n\t\t\t\t<\/div>\n\t\t\t\t\t<\/div>\n\t\t<\/div>\n\t\t\t\t<div class=\"elementor-column elementor-col-50 elementor-top-column elementor-element elementor-element-55ddcc7\" data-id=\"55ddcc7\" data-element_type=\"column\">\n\t\t\t<div class=\"elementor-widget-wrap elementor-element-populated\">\n\t\t\t\t\t\t<div class=\"elementor-element elementor-element-7650dca elementor-widget elementor-widget-heading\" data-id=\"7650dca\" data-element_type=\"widget\" data-widget_type=\"heading.default\">\n\t\t\t\t<div class=\"elementor-widget-container\">\n\t\t\t\t\t<h4 class=\"elementor-heading-title elementor-size-default\">SKeW Design<\/h4>\t\t\t\t<\/div>\n\t\t\t\t<\/div>\n\t\t\t\t<div class=\"elementor-element elementor-element-e2fbd18 elementor-widget elementor-widget-text-editor\" data-id=\"e2fbd18\" data-element_type=\"widget\" data-widget_type=\"text-editor.default\">\n\t\t\t\t<div class=\"elementor-widget-container\">\n\t\t\t\t\t\t\t\t\t<p>SKeW Design has hand-dyed soft lovely yarn without superwash with inspiration from nature. Johanna also designs knitting patterns in varying degrees of difficulty, from the simple hat to the complicated lace shawls.<\/p><p>Find us on instagram @skewdesign.se or via the website www.skewdesign.se<\/p>\t\t\t\t\t\t\t\t<\/div>\n\t\t\t\t<\/div>\n\t\t\t\t\t<\/div>\n\t\t<\/div>\n\t\t\t\t\t<\/div>\n\t\t<\/section>\n\t\t\t\t<section class=\"elementor-section elementor-top-section elementor-element elementor-element-2e0c320 elementor-section-boxed elementor-section-height-default elementor-section-height-default\" data-id=\"2e0c320\" data-element_type=\"section\">\n\t\t\t\t\t\t<div class=\"elementor-container elementor-column-gap-default\">\n\t\t\t\t\t<div class=\"elementor-column elementor-col-100 elementor-top-column elementor-element elementor-element-d32e1b6\" data-id=\"d32e1b6\" data-element_type=\"column\">\n\t\t\t<div class=\"elementor-widget-wrap elementor-element-populated\">\n\t\t\t\t\t\t<div class=\"elementor-element elementor-element-760a131 elementor-widget-divider--view-line elementor-widget elementor-widget-divider\" data-id=\"760a131\" data-element_type=\"widget\" data-widget_type=\"divider.default\">\n\t\t\t\t<div class=\"elementor-widget-container\">\n\t\t\t\t\t\t\t<div class=\"elementor-divider\">\n\t\t\t<span class=\"elementor-divider-separator\">\n\t\t\t\t\t\t<\/span>\n\t\t<\/div>\n\t\t\t\t\t\t<\/div>\n\t\t\t\t<\/div>\n\t\t\t\t\t<\/div>\n\t\t<\/div>\n\t\t\t\t\t<\/div>\n\t\t<\/section>\n\t\t\t\t<section class=\"elementor-section elementor-top-section elementor-element elementor-element-5993e94 elementor-section-full_width elementor-section-height-default elementor-section-height-default\" data-id=\"5993e94\" data-element_type=\"section\">\n\t\t\t\t\t\t<div class=\"elementor-container elementor-column-gap-default\">\n\t\t\t\t\t<div class=\"elementor-column elementor-col-50 elementor-top-column elementor-element elementor-element-8756fa3\" data-id=\"8756fa3\" data-element_type=\"column\">\n\t\t\t<div class=\"elementor-widget-wrap elementor-element-populated\">\n\t\t\t\t\t\t<div class=\"elementor-element elementor-element-6fcf5b6 elementor-widget elementor-widget-image\" data-id=\"6fcf5b6\" data-element_type=\"widget\" data-widget_type=\"image.default\">\n\t\t\t\t<div class=\"elementor-widget-container\">\n\t\t\t\t\t\t\t\t\t\t\t\t\t\t\t<img loading=\"lazy\" decoding=\"async\" width=\"683\" height=\"1024\" src=\"https:\/\/visitrydal.com\/wp-content\/uploads\/2024\/05\/2stickare_portratt_lagupplost-683x1024.jpg\" class=\"attachment-large size-large wp-image-7094\" alt=\"\" srcset=\"https:\/\/visitrydal.com\/wp-content\/uploads\/2024\/05\/2stickare_portratt_lagupplost-683x1024.jpg 683w, https:\/\/visitrydal.com\/wp-content\/uploads\/2024\/05\/2stickare_portratt_lagupplost-200x300.jpg 200w, https:\/\/visitrydal.com\/wp-content\/uploads\/2024\/05\/2stickare_portratt_lagupplost-768x1152.jpg 768w, https:\/\/visitrydal.com\/wp-content\/uploads\/2024\/05\/2stickare_portratt_lagupplost-1024x1536.jpg 1024w, https:\/\/visitrydal.com\/wp-content\/uploads\/2024\/05\/2stickare_portratt_lagupplost-1365x2048.jpg 1365w, https:\/\/visitrydal.com\/wp-content\/uploads\/2024\/05\/2stickare_portratt_lagupplost-8x12.jpg 8w, https:\/\/visitrydal.com\/wp-content\/uploads\/2024\/05\/2stickare_portratt_lagupplost-267x400.jpg 267w, https:\/\/visitrydal.com\/wp-content\/uploads\/2024\/05\/2stickare_portratt_lagupplost-scaled.jpg 1706w\" sizes=\"(max-width: 683px) 100vw, 683px\" \/>\t\t\t\t\t\t\t\t\t\t\t\t\t\t\t<\/div>\n\t\t\t\t<\/div>\n\t\t\t\t\t<\/div>\n\t\t<\/div>\n\t\t\t\t<div class=\"elementor-column elementor-col-50 elementor-top-column elementor-element elementor-element-db4d286\" data-id=\"db4d286\" data-element_type=\"column\">\n\t\t\t<div class=\"elementor-widget-wrap elementor-element-populated\">\n\t\t\t\t\t\t<div class=\"elementor-element elementor-element-d9ce0ad elementor-widget elementor-widget-heading\" data-id=\"d9ce0ad\" data-element_type=\"widget\" data-widget_type=\"heading.default\">\n\t\t\t\t<div class=\"elementor-widget-container\">\n\t\t\t\t\t<h4 class=\"elementor-heading-title elementor-size-default\">2 knitting needles<\/h4>\t\t\t\t<\/div>\n\t\t\t\t<\/div>\n\t\t\t\t<div class=\"elementor-element elementor-element-72b60ee elementor-widget elementor-widget-text-editor\" data-id=\"72b60ee\" data-element_type=\"widget\" data-widget_type=\"text-editor.default\">\n\t\t\t\t<div class=\"elementor-widget-container\">\n\t\t\t\t\t\t\t\t\t<p><strong><span style=\"color: #222222;\"><span style=\"font-family: Arial, sans-serif;\"><span style=\"font-size: medium;\">Selling b<\/span><\/span><\/span><\/strong><strong><span style=\"color: #222222;\"><span style=\"font-family: Arial, sans-serif;\"><span style=\"font-size: medium;\">yoke<\/span><\/span><\/span><\/strong><strong><span style=\"color: #222222;\"><span style=\"font-family: Arial, sans-serif;\"><span style=\"font-size: medium;\"> and has a workshop &quot;Knitting multi-color knitting with lifted stitches&quot; and knitting kits<\/span><\/span><\/span><\/strong><\/p><p><span style=\"color: #222222;\"><span style=\"font-family: Arial, sans-serif;\"><span style=\"font-size: medium;\">Lotta and Madelaine\/2 knitters. <\/span><\/span><\/span><\/p><p><span style=\"color: #1e1e1e;\"><span style=\"font-family: Arial, sans-serif;\"><span style=\"font-size: medium;\">They have a background in the handicraft movement and a few years ago they published the book \u201cKnitting multi-colour knitting with lifted stitches\u201d. They hold knitting courses, attend fairs and give lectures. They have premises in Stockholm but like to travel around the country and meet knitters.<\/span><\/span><\/span><\/p><p><span style=\"color: #1e1e1e;\"><span style=\"font-family: Arial, sans-serif;\"><span style=\"font-size: medium;\">Read more about them at <\/span><\/span><\/span><span style=\"color: #000080;\"><span lang=\"zxx\"><u><a href=\"http:\/\/l.facebook.com\/l.php?u=http%3A%2F%2F2stickare.blogspot.com%2F&amp;h=nAQEoAVez&amp;enc=AZMV6cO-tcNmNAr_2pTA0CvWkrJNtMOzedYxPlRr_s_05MzI5HrOb7w_QbzoQSeWQ1s&amp;s=1\"><span style=\"color: #1c8272;\"><span style=\"font-family: Arial, sans-serif;\"><span style=\"font-size: medium;\">2stickare.blogspot.com.<\/span><\/span><\/span><\/a><\/u><\/span><\/span><span style=\"color: #1e1e1e;\"><span style=\"font-family: Arial, sans-serif;\"><span style=\"font-size: medium;\"> They are also on Instagram @2stickare and on Facebook.<\/span><\/span><\/span><\/p><p>\u00a0<\/p>\t\t\t\t\t\t\t\t<\/div>\n\t\t\t\t<\/div>\n\t\t\t\t\t<\/div>\n\t\t<\/div>\n\t\t\t\t\t<\/div>\n\t\t<\/section>\n\t\t\t\t<section class=\"elementor-section elementor-top-section elementor-element elementor-element-42b5bdd elementor-section-boxed elementor-section-height-default elementor-section-height-default\" data-id=\"42b5bdd\" data-element_type=\"section\">\n\t\t\t\t\t\t<div class=\"elementor-container elementor-column-gap-default\">\n\t\t\t\t\t<div class=\"elementor-column elementor-col-100 elementor-top-column elementor-element elementor-element-eb2aeea\" data-id=\"eb2aeea\" data-element_type=\"column\">\n\t\t\t<div class=\"elementor-widget-wrap elementor-element-populated\">\n\t\t\t\t\t\t<div class=\"elementor-element elementor-element-2c18650 elementor-widget-divider--view-line elementor-widget elementor-widget-divider\" data-id=\"2c18650\" data-element_type=\"widget\" data-widget_type=\"divider.default\">\n\t\t\t\t<div class=\"elementor-widget-container\">\n\t\t\t\t\t\t\t<div class=\"elementor-divider\">\n\t\t\t<span class=\"elementor-divider-separator\">\n\t\t\t\t\t\t<\/span>\n\t\t<\/div>\n\t\t\t\t\t\t<\/div>\n\t\t\t\t<\/div>\n\t\t\t\t\t<\/div>\n\t\t<\/div>\n\t\t\t\t\t<\/div>\n\t\t<\/section>\n\t\t\t\t<section class=\"elementor-section elementor-top-section elementor-element elementor-element-c505121 elementor-section-full_width elementor-section-height-default elementor-section-height-default\" data-id=\"c505121\" data-element_type=\"section\">\n\t\t\t\t\t\t<div class=\"elementor-container elementor-column-gap-default\">\n\t\t\t\t\t<div class=\"elementor-column elementor-col-50 elementor-top-column elementor-element elementor-element-795cba8\" data-id=\"795cba8\" data-element_type=\"column\">\n\t\t\t<div class=\"elementor-widget-wrap elementor-element-populated\">\n\t\t\t\t\t\t<div class=\"elementor-element elementor-element-d15296d elementor-widget elementor-widget-image\" data-id=\"d15296d\" data-element_type=\"widget\" data-widget_type=\"image.default\">\n\t\t\t\t<div class=\"elementor-widget-container\">\n\t\t\t\t\t\t\t\t\t\t\t\t\t\t\t<img loading=\"lazy\" decoding=\"async\" width=\"865\" height=\"649\" src=\"https:\/\/visitrydal.com\/wp-content\/uploads\/2024\/05\/maria-1.jpg\" class=\"attachment-large size-large wp-image-7096\" alt=\"\" srcset=\"https:\/\/visitrydal.com\/wp-content\/uploads\/2024\/05\/maria-1.jpg 865w, https:\/\/visitrydal.com\/wp-content\/uploads\/2024\/05\/maria-1-300x225.jpg 300w, https:\/\/visitrydal.com\/wp-content\/uploads\/2024\/05\/maria-1-768x576.jpg 768w, https:\/\/visitrydal.com\/wp-content\/uploads\/2024\/05\/maria-1-16x12.jpg 16w, https:\/\/visitrydal.com\/wp-content\/uploads\/2024\/05\/maria-1-600x450.jpg 600w, https:\/\/visitrydal.com\/wp-content\/uploads\/2024\/05\/maria-1-200x150.jpg 200w, https:\/\/visitrydal.com\/wp-content\/uploads\/2024\/05\/maria-1-533x400.jpg 533w\" sizes=\"(max-width: 865px) 100vw, 865px\" \/>\t\t\t\t\t\t\t\t\t\t\t\t\t\t\t<\/div>\n\t\t\t\t<\/div>\n\t\t\t\t\t<\/div>\n\t\t<\/div>\n\t\t\t\t<div class=\"elementor-column elementor-col-50 elementor-top-column elementor-element elementor-element-59d655e\" data-id=\"59d655e\" data-element_type=\"column\">\n\t\t\t<div class=\"elementor-widget-wrap elementor-element-populated\">\n\t\t\t\t\t\t<div class=\"elementor-element elementor-element-28611b4 elementor-widget elementor-widget-heading\" data-id=\"28611b4\" data-element_type=\"widget\" data-widget_type=\"heading.default\">\n\t\t\t\t<div class=\"elementor-widget-container\">\n\t\t\t\t\t<h4 class=\"elementor-heading-title elementor-size-default\">Maria&#039;s yarn<\/h4>\t\t\t\t<\/div>\n\t\t\t\t<\/div>\n\t\t\t\t<div class=\"elementor-element elementor-element-50e5f84 elementor-widget elementor-widget-text-editor\" data-id=\"50e5f84\" data-element_type=\"widget\" data-widget_type=\"text-editor.default\">\n\t\t\t\t<div class=\"elementor-widget-container\">\n\t\t\t\t\t\t\t\t\t<p><span style=\"color: #1e1e1e;\"><span style=\"font-family: Montserrat, sans-serif;\">Selling the book: Knit an easy one, a difficult one or one in between from head to toe\u201d\u00a0 <\/span><\/span><span style=\"color: #1e1e1e;\"><span style=\"font-family: Montserrat, sans-serif;\">Sign the book if you want! <\/span><\/span><\/p><p><span style=\"font-family: Arial, serif;\"><span style=\"font-size: medium;\">Has a lecture \u201cA life with knitting\u201d where she talks about her life with yarn and knitting needles \u2013 how did it all really start? <\/span><\/span><\/p><p>Have a workshop \u201cDouble-ended knitting\u201d<\/p>\t\t\t\t\t\t\t\t<\/div>\n\t\t\t\t<\/div>\n\t\t\t\t\t<\/div>\n\t\t<\/div>\n\t\t\t\t\t<\/div>\n\t\t<\/section>\n\t\t\t\t<section class=\"elementor-section elementor-top-section elementor-element elementor-element-c93a96b elementor-section-boxed elementor-section-height-default elementor-section-height-default\" data-id=\"c93a96b\" data-element_type=\"section\">\n\t\t\t\t\t\t<div class=\"elementor-container elementor-column-gap-default\">\n\t\t\t\t\t<div class=\"elementor-column elementor-col-100 elementor-top-column elementor-element elementor-element-0bca73e\" data-id=\"0bca73e\" data-element_type=\"column\">\n\t\t\t<div class=\"elementor-widget-wrap elementor-element-populated\">\n\t\t\t\t\t\t<div class=\"elementor-element elementor-element-6bbd775 elementor-widget-divider--view-line elementor-widget elementor-widget-divider\" data-id=\"6bbd775\" data-element_type=\"widget\" data-widget_type=\"divider.default\">\n\t\t\t\t<div class=\"elementor-widget-container\">\n\t\t\t\t\t\t\t<div class=\"elementor-divider\">\n\t\t\t<span class=\"elementor-divider-separator\">\n\t\t\t\t\t\t<\/span>\n\t\t<\/div>\n\t\t\t\t\t\t<\/div>\n\t\t\t\t<\/div>\n\t\t\t\t\t<\/div>\n\t\t<\/div>\n\t\t\t\t\t<\/div>\n\t\t<\/section>\n\t\t\t\t<section class=\"elementor-section elementor-top-section elementor-element elementor-element-c539f01 elementor-section-full_width elementor-section-height-default elementor-section-height-default\" data-id=\"c539f01\" data-element_type=\"section\">\n\t\t\t\t\t\t<div class=\"elementor-container elementor-column-gap-default\">\n\t\t\t\t\t<div class=\"elementor-column elementor-col-50 elementor-top-column elementor-element elementor-element-d8d2d0c\" data-id=\"d8d2d0c\" data-element_type=\"column\">\n\t\t\t<div class=\"elementor-widget-wrap elementor-element-populated\">\n\t\t\t\t\t\t<div class=\"elementor-element elementor-element-4aa5391 elementor-widget__width-initial elementor-widget elementor-widget-image\" data-id=\"4aa5391\" data-element_type=\"widget\" data-widget_type=\"image.default\">\n\t\t\t\t<div class=\"elementor-widget-container\">\n\t\t\t\t\t\t\t\t\t\t\t\t\t\t\t<img loading=\"lazy\" decoding=\"async\" width=\"1024\" height=\"1024\" src=\"https:\/\/visitrydal.com\/wp-content\/uploads\/2024\/05\/My-Barklind-pa-marknad-1024x1024.jpg\" class=\"attachment-large size-large wp-image-6111\" alt=\"\" srcset=\"https:\/\/visitrydal.com\/wp-content\/uploads\/2024\/05\/My-Barklind-pa-marknad-1024x1024.jpg 1024w, https:\/\/visitrydal.com\/wp-content\/uploads\/2024\/05\/My-Barklind-pa-marknad-300x300.jpg 300w, https:\/\/visitrydal.com\/wp-content\/uploads\/2024\/05\/My-Barklind-pa-marknad-150x150.jpg 150w, https:\/\/visitrydal.com\/wp-content\/uploads\/2024\/05\/My-Barklind-pa-marknad-768x768.jpg 768w, https:\/\/visitrydal.com\/wp-content\/uploads\/2024\/05\/My-Barklind-pa-marknad-1536x1536.jpg 1536w, https:\/\/visitrydal.com\/wp-content\/uploads\/2024\/05\/My-Barklind-pa-marknad-2048x2048.jpg 2048w, https:\/\/visitrydal.com\/wp-content\/uploads\/2024\/05\/My-Barklind-pa-marknad-12x12.jpg 12w, https:\/\/visitrydal.com\/wp-content\/uploads\/2024\/05\/My-Barklind-pa-marknad-60x60.jpg 60w, https:\/\/visitrydal.com\/wp-content\/uploads\/2024\/05\/My-Barklind-pa-marknad-40x40.jpg 40w, https:\/\/visitrydal.com\/wp-content\/uploads\/2024\/05\/My-Barklind-pa-marknad-80x80.jpg 80w, https:\/\/visitrydal.com\/wp-content\/uploads\/2024\/05\/My-Barklind-pa-marknad-20x20.jpg 20w, https:\/\/visitrydal.com\/wp-content\/uploads\/2024\/05\/My-Barklind-pa-marknad-128x128.jpg 128w, https:\/\/visitrydal.com\/wp-content\/uploads\/2024\/05\/My-Barklind-pa-marknad-73x73.jpg 73w, https:\/\/visitrydal.com\/wp-content\/uploads\/2024\/05\/My-Barklind-pa-marknad-130x130.jpg 130w, https:\/\/visitrydal.com\/wp-content\/uploads\/2024\/05\/My-Barklind-pa-marknad-600x600.jpg 600w, https:\/\/visitrydal.com\/wp-content\/uploads\/2024\/05\/My-Barklind-pa-marknad-400x400.jpg 400w\" sizes=\"(max-width: 1024px) 100vw, 1024px\" \/>\t\t\t\t\t\t\t\t\t\t\t\t\t\t\t<\/div>\n\t\t\t\t<\/div>\n\t\t\t\t\t<\/div>\n\t\t<\/div>\n\t\t\t\t<div class=\"elementor-column elementor-col-50 elementor-top-column elementor-element elementor-element-b89f43c\" data-id=\"b89f43c\" data-element_type=\"column\">\n\t\t\t<div class=\"elementor-widget-wrap elementor-element-populated\">\n\t\t\t\t\t\t<div class=\"elementor-element elementor-element-735e178 elementor-widget__width-initial elementor-widget elementor-widget-text-editor\" data-id=\"735e178\" data-element_type=\"widget\" data-widget_type=\"text-editor.default\">\n\t\t\t\t<div class=\"elementor-widget-container\">\n\t\t\t\t\t\t\t\t\t<p><span style=\"color: #000000;\"><strong>\u00a0 \u00a0 \u00a0 \u00a0 \u00a0 \u00a0My Barklind\/Av Bark Hand Dyed Yarns<\/strong><\/span><\/p><p><span style=\"color: #202124;\"><span style=\"font-family: Arial, sans-serif;\"><span style=\"font-size: medium;\">My Barklind, who runs Atelje av Bark, works with hand-dyed yarn - in the traditional way with pigments from nature - and writes and designs knitting patterns for others to create through.<\/span><\/span><\/span><\/p><p><span style=\"color: #242424;\"><span style=\"font-family: Arial, sans-serif;\"><span style=\"font-size: medium;\">For My, hand knitting is true slow fashion and My wants to give all hand knitting yarn lovers an alternative to synthetic hand dyed yarns by hand dyeing with pigments from our nature.<\/span><\/span><\/span><\/p><p><span style=\"color: #242424;\"><span style=\"font-family: Arial, sans-serif;\"><span style=\"font-size: medium;\">Atelje av Bark strives to create a new generation of yarns with as low a carbon footprint as possible. By combining yarn selection and traditional plant dyeing with new methods, colors and collections are created for contemporary and future yarn crafts. The goal is to offer hand knitters the opportunity to choose carefully colored yarns and to create garments that suit both body and mind.<\/span><\/span><\/span><\/p><p><span style=\"color: #000080;\"><span lang=\"zxx\"><u><a href=\"https:\/\/www.instagram.com\/atelje_av_bark\/\" target=\"_blank\" rel=\"noopener\"><span style=\"color: #1155cc;\"><span style=\"font-family: Arial, Helvetica, sans-serif;\"><span style=\"font-size: medium;\">https:\/\/www.instagram.com\/atelje_av_bark\/<\/span><\/span><\/span><\/a><\/u><\/span><\/span><span style=\"color: #222222;\">\u00a0<\/span><\/p>\t\t\t\t\t\t\t\t<\/div>\n\t\t\t\t<\/div>\n\t\t\t\t\t<\/div>\n\t\t<\/div>\n\t\t\t\t\t<\/div>\n\t\t<\/section>\n\t\t\t\t<section class=\"elementor-section elementor-top-section elementor-element elementor-element-1cbcfc9 elementor-section-boxed elementor-section-height-default elementor-section-height-default\" data-id=\"1cbcfc9\" data-element_type=\"section\">\n\t\t\t\t\t\t<div class=\"elementor-container elementor-column-gap-default\">\n\t\t\t\t\t<div class=\"elementor-column elementor-col-50 elementor-top-column elementor-element elementor-element-21b8a46\" data-id=\"21b8a46\" data-element_type=\"column\">\n\t\t\t<div class=\"elementor-widget-wrap elementor-element-populated\">\n\t\t\t\t\t\t<div class=\"elementor-element elementor-element-15a18a5 elementor-widget-divider--view-line elementor-widget elementor-widget-divider\" data-id=\"15a18a5\" data-element_type=\"widget\" data-widget_type=\"divider.default\">\n\t\t\t\t<div class=\"elementor-widget-container\">\n\t\t\t\t\t\t\t<div class=\"elementor-divider\">\n\t\t\t<span class=\"elementor-divider-separator\">\n\t\t\t\t\t\t<\/span>\n\t\t<\/div>\n\t\t\t\t\t\t<\/div>\n\t\t\t\t<\/div>\n\t\t\t\t\t<\/div>\n\t\t<\/div>\n\t\t\t\t<div class=\"elementor-column elementor-col-50 elementor-top-column elementor-element elementor-element-36eb3d5\" data-id=\"36eb3d5\" data-element_type=\"column\">\n\t\t\t<div class=\"elementor-widget-wrap\">\n\t\t\t\t\t\t\t<\/div>\n\t\t<\/div>\n\t\t\t\t\t<\/div>\n\t\t<\/section>\n\t\t\t\t<section class=\"elementor-section elementor-top-section elementor-element elementor-element-aca12d1 elementor-section-full_width elementor-section-height-default elementor-section-height-default\" data-id=\"aca12d1\" data-element_type=\"section\">\n\t\t\t\t\t\t<div class=\"elementor-container elementor-column-gap-default\">\n\t\t\t\t\t<div class=\"elementor-column elementor-col-50 elementor-top-column elementor-element elementor-element-69bfbc0\" data-id=\"69bfbc0\" data-element_type=\"column\">\n\t\t\t<div class=\"elementor-widget-wrap elementor-element-populated\">\n\t\t\t\t\t\t<div class=\"elementor-element elementor-element-6635594 elementor-widget elementor-widget-image\" data-id=\"6635594\" data-element_type=\"widget\" data-widget_type=\"image.default\">\n\t\t\t\t<div class=\"elementor-widget-container\">\n\t\t\t\t\t\t\t\t\t\t\t\t\t\t\t<img loading=\"lazy\" decoding=\"async\" width=\"478\" height=\"198\" src=\"https:\/\/visitrydal.com\/wp-content\/uploads\/2024\/05\/VK_logga_omgjord-Vavkompaniet.jpg\" class=\"attachment-large size-large wp-image-6050\" alt=\"\" srcset=\"https:\/\/visitrydal.com\/wp-content\/uploads\/2024\/05\/VK_logga_omgjord-Vavkompaniet.jpg 478w, https:\/\/visitrydal.com\/wp-content\/uploads\/2024\/05\/VK_logga_omgjord-Vavkompaniet-300x124.jpg 300w, https:\/\/visitrydal.com\/wp-content\/uploads\/2024\/05\/VK_logga_omgjord-Vavkompaniet-18x7.jpg 18w\" sizes=\"(max-width: 478px) 100vw, 478px\" \/>\t\t\t\t\t\t\t\t\t\t\t\t\t\t\t<\/div>\n\t\t\t\t<\/div>\n\t\t\t\t<div class=\"elementor-element elementor-element-fbde05d elementor-widget__width-initial elementor-widget elementor-widget-image\" data-id=\"fbde05d\" data-element_type=\"widget\" data-widget_type=\"image.default\">\n\t\t\t\t<div class=\"elementor-widget-container\">\n\t\t\t\t\t\t\t\t\t\t\t\t\t\t\t<img loading=\"lazy\" decoding=\"async\" width=\"1024\" height=\"1024\" src=\"https:\/\/visitrydal.com\/wp-content\/uploads\/2024\/05\/Slandor-Vavkompaniet-1024x1024.jpeg\" class=\"attachment-large size-large wp-image-6068\" alt=\"\" srcset=\"https:\/\/visitrydal.com\/wp-content\/uploads\/2024\/05\/Slandor-Vavkompaniet-1024x1024.jpeg 1024w, https:\/\/visitrydal.com\/wp-content\/uploads\/2024\/05\/Slandor-Vavkompaniet-300x300.jpeg 300w, https:\/\/visitrydal.com\/wp-content\/uploads\/2024\/05\/Slandor-Vavkompaniet-150x150.jpeg 150w, https:\/\/visitrydal.com\/wp-content\/uploads\/2024\/05\/Slandor-Vavkompaniet-768x768.jpeg 768w, https:\/\/visitrydal.com\/wp-content\/uploads\/2024\/05\/Slandor-Vavkompaniet-1536x1536.jpeg 1536w, https:\/\/visitrydal.com\/wp-content\/uploads\/2024\/05\/Slandor-Vavkompaniet-2048x2048.jpeg 2048w, https:\/\/visitrydal.com\/wp-content\/uploads\/2024\/05\/Slandor-Vavkompaniet-12x12.jpeg 12w, https:\/\/visitrydal.com\/wp-content\/uploads\/2024\/05\/Slandor-Vavkompaniet-60x60.jpeg 60w, https:\/\/visitrydal.com\/wp-content\/uploads\/2024\/05\/Slandor-Vavkompaniet-40x40.jpeg 40w, https:\/\/visitrydal.com\/wp-content\/uploads\/2024\/05\/Slandor-Vavkompaniet-80x80.jpeg 80w, https:\/\/visitrydal.com\/wp-content\/uploads\/2024\/05\/Slandor-Vavkompaniet-20x20.jpeg 20w, https:\/\/visitrydal.com\/wp-content\/uploads\/2024\/05\/Slandor-Vavkompaniet-128x128.jpeg 128w, https:\/\/visitrydal.com\/wp-content\/uploads\/2024\/05\/Slandor-Vavkompaniet-73x73.jpeg 73w, https:\/\/visitrydal.com\/wp-content\/uploads\/2024\/05\/Slandor-Vavkompaniet-130x130.jpeg 130w, https:\/\/visitrydal.com\/wp-content\/uploads\/2024\/05\/Slandor-Vavkompaniet-600x600.jpeg 600w, https:\/\/visitrydal.com\/wp-content\/uploads\/2024\/05\/Slandor-Vavkompaniet-400x400.jpeg 400w\" sizes=\"(max-width: 1024px) 100vw, 1024px\" \/>\t\t\t\t\t\t\t\t\t\t\t\t\t\t\t<\/div>\n\t\t\t\t<\/div>\n\t\t\t\t\t<\/div>\n\t\t<\/div>\n\t\t\t\t<div class=\"elementor-column elementor-col-50 elementor-top-column elementor-element elementor-element-3cb9e06\" data-id=\"3cb9e06\" data-element_type=\"column\">\n\t\t\t<div class=\"elementor-widget-wrap elementor-element-populated\">\n\t\t\t\t\t\t<div class=\"elementor-element elementor-element-5fd3da0 elementor-widget elementor-widget-heading\" data-id=\"5fd3da0\" data-element_type=\"widget\" data-widget_type=\"heading.default\">\n\t\t\t\t<div class=\"elementor-widget-container\">\n\t\t\t\t\t<h4 class=\"elementor-heading-title elementor-size-default\">The weaving company <\/h4>\t\t\t\t<\/div>\n\t\t\t\t<\/div>\n\t\t\t\t<div class=\"elementor-element elementor-element-aa044f9 elementor-widget elementor-widget-text-editor\" data-id=\"aa044f9\" data-element_type=\"widget\" data-widget_type=\"text-editor.default\">\n\t\t\t\t<div class=\"elementor-widget-container\">\n\t\t\t\t\t\t\t\t\t<p>Tel: 076-035 62 68 Info@vavkompaniet.se https:\/\/www.vavkompaniet.se\/<\/p><p>We are a craft cooperative with a shop and gallery in central Bor\u00e5s. We are 8 members who run the store. Our specialty is handmade needlework tools, yarn and other needlework materials. We often have craft cafes and workshops in the store.<\/p><p>We will bring nice dragonflies in different models and also show how to spin them and other crafts such as looping which we show at the table.<\/p><p>\u00a0<\/p>\t\t\t\t\t\t\t\t<\/div>\n\t\t\t\t<\/div>\n\t\t\t\t\t<\/div>\n\t\t<\/div>\n\t\t\t\t\t<\/div>\n\t\t<\/section>\n\t\t\t\t<section class=\"elementor-section elementor-top-section elementor-element elementor-element-0d9ffb0 elementor-section-boxed elementor-section-height-default elementor-section-height-default\" data-id=\"0d9ffb0\" data-element_type=\"section\">\n\t\t\t\t\t\t<div class=\"elementor-container elementor-column-gap-default\">\n\t\t\t\t\t<div class=\"elementor-column elementor-col-100 elementor-top-column elementor-element elementor-element-1b38b27\" data-id=\"1b38b27\" data-element_type=\"column\">\n\t\t\t<div class=\"elementor-widget-wrap\">\n\t\t\t\t\t\t\t<\/div>\n\t\t<\/div>\n\t\t\t\t\t<\/div>\n\t\t<\/section>\n\t\t\t\t<section class=\"elementor-section elementor-top-section elementor-element elementor-element-75fdae4 elementor-section-full_width elementor-section-height-default elementor-section-height-default\" data-id=\"75fdae4\" data-element_type=\"section\">\n\t\t\t\t\t\t<div class=\"elementor-container elementor-column-gap-default\">\n\t\t\t\t\t<div class=\"elementor-column elementor-col-50 elementor-top-column elementor-element elementor-element-49dd4a8\" data-id=\"49dd4a8\" data-element_type=\"column\">\n\t\t\t<div class=\"elementor-widget-wrap elementor-element-populated\">\n\t\t\t\t\t\t<div class=\"elementor-element elementor-element-1883924 elementor-widget elementor-widget-image\" data-id=\"1883924\" data-element_type=\"widget\" data-widget_type=\"image.default\">\n\t\t\t\t<div class=\"elementor-widget-container\">\n\t\t\t\t\t\t\t\t\t\t\t\t\t\t\t<img loading=\"lazy\" decoding=\"async\" width=\"1024\" height=\"1024\" src=\"https:\/\/visitrydal.com\/wp-content\/uploads\/2024\/05\/ladybugg-1024x1024.jpg\" class=\"attachment-large size-large wp-image-6043\" alt=\"\" srcset=\"https:\/\/visitrydal.com\/wp-content\/uploads\/2024\/05\/ladybugg-1024x1024.jpg 1024w, https:\/\/visitrydal.com\/wp-content\/uploads\/2024\/05\/ladybugg-300x300.jpg 300w, https:\/\/visitrydal.com\/wp-content\/uploads\/2024\/05\/ladybugg-150x150.jpg 150w, https:\/\/visitrydal.com\/wp-content\/uploads\/2024\/05\/ladybugg-768x768.jpg 768w, https:\/\/visitrydal.com\/wp-content\/uploads\/2024\/05\/ladybugg-12x12.jpg 12w, https:\/\/visitrydal.com\/wp-content\/uploads\/2024\/05\/ladybugg-60x60.jpg 60w, https:\/\/visitrydal.com\/wp-content\/uploads\/2024\/05\/ladybugg-40x40.jpg 40w, https:\/\/visitrydal.com\/wp-content\/uploads\/2024\/05\/ladybugg-80x80.jpg 80w, https:\/\/visitrydal.com\/wp-content\/uploads\/2024\/05\/ladybugg-20x20.jpg 20w, https:\/\/visitrydal.com\/wp-content\/uploads\/2024\/05\/ladybugg-128x128.jpg 128w, https:\/\/visitrydal.com\/wp-content\/uploads\/2024\/05\/ladybugg-73x73.jpg 73w, https:\/\/visitrydal.com\/wp-content\/uploads\/2024\/05\/ladybugg-130x130.jpg 130w, https:\/\/visitrydal.com\/wp-content\/uploads\/2024\/05\/ladybugg-600x600.jpg 600w, https:\/\/visitrydal.com\/wp-content\/uploads\/2024\/05\/ladybugg-400x400.jpg 400w, https:\/\/visitrydal.com\/wp-content\/uploads\/2024\/05\/ladybugg.jpg 1182w\" sizes=\"(max-width: 1024px) 100vw, 1024px\" \/>\t\t\t\t\t\t\t\t\t\t\t\t\t\t\t<\/div>\n\t\t\t\t<\/div>\n\t\t\t\t\t<\/div>\n\t\t<\/div>\n\t\t\t\t<div class=\"elementor-column elementor-col-50 elementor-top-column elementor-element elementor-element-2db1e8f\" data-id=\"2db1e8f\" data-element_type=\"column\">\n\t\t\t<div class=\"elementor-widget-wrap elementor-element-populated\">\n\t\t\t\t\t\t<div class=\"elementor-element elementor-element-fddca59 elementor-widget elementor-widget-heading\" data-id=\"fddca59\" data-element_type=\"widget\" data-widget_type=\"heading.default\">\n\t\t\t\t<div class=\"elementor-widget-container\">\n\t\t\t\t\t<h4 class=\"elementor-heading-title elementor-size-default\">Dragonfly&#039;s Ladybug&#039;s Yarn<\/h4>\t\t\t\t<\/div>\n\t\t\t\t<\/div>\n\t\t\t\t<div class=\"elementor-element elementor-element-959e348 elementor-widget elementor-widget-text-editor\" data-id=\"959e348\" data-element_type=\"widget\" data-widget_type=\"text-editor.default\">\n\t\t\t\t<div class=\"elementor-widget-container\">\n\t\t\t\t\t\t\t\t\t<p>Hand-dyed yarn, project bags, knitting markers Tel: 0733343704<\/p><p>Linda@Dlyarn.se \/ Linda.Thomassen3@gmail.com<\/p><p>Dragonfly&#039;s _Ladybugs - Instagram<\/p>\t\t\t\t\t\t\t\t<\/div>\n\t\t\t\t<\/div>\n\t\t\t\t\t<\/div>\n\t\t<\/div>\n\t\t\t\t\t<\/div>\n\t\t<\/section>\n\t\t\t\t<section class=\"elementor-section elementor-top-section elementor-element elementor-element-39dc71d elementor-section-boxed elementor-section-height-default elementor-section-height-default\" data-id=\"39dc71d\" data-element_type=\"section\">\n\t\t\t\t\t\t<div class=\"elementor-container elementor-column-gap-default\">\n\t\t\t\t\t<div class=\"elementor-column elementor-col-100 elementor-top-column elementor-element elementor-element-b45f779\" data-id=\"b45f779\" data-element_type=\"column\">\n\t\t\t<div class=\"elementor-widget-wrap elementor-element-populated\">\n\t\t\t\t\t\t<div class=\"elementor-element elementor-element-d070d0b elementor-widget-divider--view-line elementor-widget elementor-widget-divider\" data-id=\"d070d0b\" data-element_type=\"widget\" data-widget_type=\"divider.default\">\n\t\t\t\t<div class=\"elementor-widget-container\">\n\t\t\t\t\t\t\t<div class=\"elementor-divider\">\n\t\t\t<span class=\"elementor-divider-separator\">\n\t\t\t\t\t\t<\/span>\n\t\t<\/div>\n\t\t\t\t\t\t<\/div>\n\t\t\t\t<\/div>\n\t\t\t\t\t<\/div>\n\t\t<\/div>\n\t\t\t\t\t<\/div>\n\t\t<\/section>\n\t\t\t\t<section class=\"elementor-section elementor-top-section elementor-element elementor-element-93dc698 elementor-section-full_width elementor-section-height-default elementor-section-height-default\" data-id=\"93dc698\" data-element_type=\"section\">\n\t\t\t\t\t\t<div class=\"elementor-container elementor-column-gap-default\">\n\t\t\t\t\t<div class=\"elementor-column elementor-col-50 elementor-top-column elementor-element elementor-element-0645006\" data-id=\"0645006\" data-element_type=\"column\">\n\t\t\t<div class=\"elementor-widget-wrap elementor-element-populated\">\n\t\t\t\t\t\t<div class=\"elementor-element elementor-element-2135496 elementor-widget elementor-widget-image\" data-id=\"2135496\" data-element_type=\"widget\" data-widget_type=\"image.default\">\n\t\t\t\t<div class=\"elementor-widget-container\">\n\t\t\t\t\t\t\t\t\t\t\t\t\t\t\t<img loading=\"lazy\" decoding=\"async\" width=\"531\" height=\"544\" src=\"https:\/\/visitrydal.com\/wp-content\/uploads\/2024\/05\/Birgit-Senf.jpg\" class=\"attachment-large size-large wp-image-6057\" alt=\"\" srcset=\"https:\/\/visitrydal.com\/wp-content\/uploads\/2024\/05\/Birgit-Senf.jpg 531w, https:\/\/visitrydal.com\/wp-content\/uploads\/2024\/05\/Birgit-Senf-293x300.jpg 293w, https:\/\/visitrydal.com\/wp-content\/uploads\/2024\/05\/Birgit-Senf-12x12.jpg 12w, https:\/\/visitrydal.com\/wp-content\/uploads\/2024\/05\/Birgit-Senf-60x60.jpg 60w, https:\/\/visitrydal.com\/wp-content\/uploads\/2024\/05\/Birgit-Senf-40x40.jpg 40w, https:\/\/visitrydal.com\/wp-content\/uploads\/2024\/05\/Birgit-Senf-20x20.jpg 20w, https:\/\/visitrydal.com\/wp-content\/uploads\/2024\/05\/Birgit-Senf-390x400.jpg 390w\" sizes=\"(max-width: 531px) 100vw, 531px\" \/>\t\t\t\t\t\t\t\t\t\t\t\t\t\t\t<\/div>\n\t\t\t\t<\/div>\n\t\t\t\t<div class=\"elementor-element elementor-element-74f1281 elementor-widget elementor-widget-image\" data-id=\"74f1281\" data-element_type=\"widget\" data-widget_type=\"image.default\">\n\t\t\t\t<div class=\"elementor-widget-container\">\n\t\t\t\t\t\t\t\t\t\t\t\t\t\t\t<img loading=\"lazy\" decoding=\"async\" width=\"1024\" height=\"967\" src=\"https:\/\/visitrydal.com\/wp-content\/uploads\/2024\/05\/Birgit-senf-alster-2-1024x967.jpg\" class=\"attachment-large size-large wp-image-6058\" alt=\"\" srcset=\"https:\/\/visitrydal.com\/wp-content\/uploads\/2024\/05\/Birgit-senf-alster-2-1024x967.jpg 1024w, https:\/\/visitrydal.com\/wp-content\/uploads\/2024\/05\/Birgit-senf-alster-2-300x283.jpg 300w, https:\/\/visitrydal.com\/wp-content\/uploads\/2024\/05\/Birgit-senf-alster-2-768x725.jpg 768w, https:\/\/visitrydal.com\/wp-content\/uploads\/2024\/05\/Birgit-senf-alster-2-1536x1451.jpg 1536w, https:\/\/visitrydal.com\/wp-content\/uploads\/2024\/05\/Birgit-senf-alster-2-2048x1934.jpg 2048w, https:\/\/visitrydal.com\/wp-content\/uploads\/2024\/05\/Birgit-senf-alster-2-13x12.jpg 13w, https:\/\/visitrydal.com\/wp-content\/uploads\/2024\/05\/Birgit-senf-alster-2-20x20.jpg 20w, https:\/\/visitrydal.com\/wp-content\/uploads\/2024\/05\/Birgit-senf-alster-2-424x400.jpg 424w, https:\/\/visitrydal.com\/wp-content\/uploads\/2024\/05\/Birgit-senf-alster-2-scaled-e1725742352458.jpg 1920w\" sizes=\"(max-width: 1024px) 100vw, 1024px\" \/>\t\t\t\t\t\t\t\t\t\t\t\t\t\t\t<\/div>\n\t\t\t\t<\/div>\n\t\t\t\t\t<\/div>\n\t\t<\/div>\n\t\t\t\t<div class=\"elementor-column elementor-col-50 elementor-top-column elementor-element elementor-element-e3ce078\" data-id=\"e3ce078\" data-element_type=\"column\">\n\t\t\t<div class=\"elementor-widget-wrap elementor-element-populated\">\n\t\t\t\t\t\t<div class=\"elementor-element elementor-element-7a4ff17 elementor-widget elementor-widget-heading\" data-id=\"7a4ff17\" data-element_type=\"widget\" data-widget_type=\"heading.default\">\n\t\t\t\t<div class=\"elementor-widget-container\">\n\t\t\t\t\t<h4 class=\"elementor-heading-title elementor-size-default\">The beach flea in the forest<\/h4>\t\t\t\t<\/div>\n\t\t\t\t<\/div>\n\t\t\t\t<div class=\"elementor-element elementor-element-a49c0e7 elementor-widget elementor-widget-text-editor\" data-id=\"a49c0e7\" data-element_type=\"widget\" data-widget_type=\"text-editor.default\">\n\t\t\t\t<div class=\"elementor-widget-container\">\n\t\t\t\t\t\t\t\t\t<p>Birgit Senf<\/p><p>Textile figures<\/p><p>My crafts are knitted figures in the form of knitting shoes, angels, garden girls\/boys, elves, bus boys, dogs, etc.<\/p><p>I design and manufacture the figures and associated furniture in plywood myself with great pleasure and I am keen on details and expression.<\/p><p>Me and my figures participate in a few markets during the year as well as the Art and Crafts round in Mark.<\/p><p>Contact by email to<br \/>birgitsenf@hotmail.com<br \/>SMS 0701-422232<br \/>Instagram: @strandloppaniskogen<\/p>\t\t\t\t\t\t\t\t<\/div>\n\t\t\t\t<\/div>\n\t\t\t\t\t<\/div>\n\t\t<\/div>\n\t\t\t\t\t<\/div>\n\t\t<\/section>\n\t\t\t\t<section class=\"elementor-section elementor-top-section elementor-element elementor-element-a05d1be elementor-section-boxed elementor-section-height-default elementor-section-height-default\" data-id=\"a05d1be\" data-element_type=\"section\">\n\t\t\t\t\t\t<div class=\"elementor-container elementor-column-gap-default\">\n\t\t\t\t\t<div class=\"elementor-column elementor-col-100 elementor-top-column elementor-element elementor-element-479c2e8\" data-id=\"479c2e8\" data-element_type=\"column\">\n\t\t\t<div class=\"elementor-widget-wrap elementor-element-populated\">\n\t\t\t\t\t\t<div class=\"elementor-element elementor-element-643ab30 elementor-widget-divider--view-line elementor-widget elementor-widget-divider\" data-id=\"643ab30\" data-element_type=\"widget\" data-widget_type=\"divider.default\">\n\t\t\t\t<div class=\"elementor-widget-container\">\n\t\t\t\t\t\t\t<div class=\"elementor-divider\">\n\t\t\t<span class=\"elementor-divider-separator\">\n\t\t\t\t\t\t<\/span>\n\t\t<\/div>\n\t\t\t\t\t\t<\/div>\n\t\t\t\t<\/div>\n\t\t\t\t\t<\/div>\n\t\t<\/div>\n\t\t\t\t\t<\/div>\n\t\t<\/section>\n\t\t\t\t<section class=\"elementor-section elementor-top-section elementor-element elementor-element-8da1864 elementor-section-full_width elementor-section-height-default elementor-section-height-default\" data-id=\"8da1864\" data-element_type=\"section\">\n\t\t\t\t\t\t<div class=\"elementor-container elementor-column-gap-default\">\n\t\t\t\t\t<div class=\"elementor-column elementor-col-50 elementor-top-column elementor-element elementor-element-fdc1a15\" data-id=\"fdc1a15\" data-element_type=\"column\">\n\t\t\t<div class=\"elementor-widget-wrap elementor-element-populated\">\n\t\t\t\t\t\t<div class=\"elementor-element elementor-element-1717940 elementor-widget elementor-widget-image\" data-id=\"1717940\" data-element_type=\"widget\" data-widget_type=\"image.default\">\n\t\t\t\t<div class=\"elementor-widget-container\">\n\t\t\t\t\t\t\t\t\t\t\t\t\t\t\t<img loading=\"lazy\" decoding=\"async\" width=\"750\" height=\"745\" src=\"https:\/\/visitrydal.com\/wp-content\/uploads\/2024\/05\/Textileri-bild.jpeg\" class=\"attachment-large size-large wp-image-6083\" alt=\"\" srcset=\"https:\/\/visitrydal.com\/wp-content\/uploads\/2024\/05\/Textileri-bild.jpeg 750w, https:\/\/visitrydal.com\/wp-content\/uploads\/2024\/05\/Textileri-bild-300x298.jpeg 300w, https:\/\/visitrydal.com\/wp-content\/uploads\/2024\/05\/Textileri-bild-150x150.jpeg 150w, https:\/\/visitrydal.com\/wp-content\/uploads\/2024\/05\/Textileri-bild-12x12.jpeg 12w, https:\/\/visitrydal.com\/wp-content\/uploads\/2024\/05\/Textileri-bild-60x60.jpeg 60w, https:\/\/visitrydal.com\/wp-content\/uploads\/2024\/05\/Textileri-bild-40x40.jpeg 40w, https:\/\/visitrydal.com\/wp-content\/uploads\/2024\/05\/Textileri-bild-80x80.jpeg 80w, https:\/\/visitrydal.com\/wp-content\/uploads\/2024\/05\/Textileri-bild-20x20.jpeg 20w, https:\/\/visitrydal.com\/wp-content\/uploads\/2024\/05\/Textileri-bild-128x128.jpeg 128w, https:\/\/visitrydal.com\/wp-content\/uploads\/2024\/05\/Textileri-bild-73x73.jpeg 73w, https:\/\/visitrydal.com\/wp-content\/uploads\/2024\/05\/Textileri-bild-130x130.jpeg 130w, https:\/\/visitrydal.com\/wp-content\/uploads\/2024\/05\/Textileri-bild-403x400.jpeg 403w\" sizes=\"(max-width: 750px) 100vw, 750px\" \/>\t\t\t\t\t\t\t\t\t\t\t\t\t\t\t<\/div>\n\t\t\t\t<\/div>\n\t\t\t\t\t<\/div>\n\t\t<\/div>\n\t\t\t\t<div class=\"elementor-column elementor-col-50 elementor-top-column elementor-element elementor-element-882a8bb\" data-id=\"882a8bb\" data-element_type=\"column\">\n\t\t\t<div class=\"elementor-widget-wrap elementor-element-populated\">\n\t\t\t\t\t\t<div class=\"elementor-element elementor-element-dc54902 elementor-widget elementor-widget-heading\" data-id=\"dc54902\" data-element_type=\"widget\" data-widget_type=\"heading.default\">\n\t\t\t\t<div class=\"elementor-widget-container\">\n\t\t\t\t\t<h4 class=\"elementor-heading-title elementor-size-default\">TEXTILES Eva Danielsson<\/h4>\t\t\t\t<\/div>\n\t\t\t\t<\/div>\n\t\t\t\t<div class=\"elementor-element elementor-element-8b5f8fb elementor-widget elementor-widget-text-editor\" data-id=\"8b5f8fb\" data-element_type=\"widget\" data-widget_type=\"text-editor.default\">\n\t\t\t\t<div class=\"elementor-widget-container\">\n\t\t\t\t\t\t\t\t\t<p>Fascinated by color tones\u2026 shades\u2026 color combinations\u2026 I use, and sell, Earth Palette COOL COLOR for wool and other protein fibers. It is easy to dye, durable and gentle - the wool retains softness and shine. I also sell 10 varieties of felting needles, colored wool and yarn, felt etc.<\/p><p>Phone: 0701 43 89 88<br \/>www.textileri.se<br \/>Instagram: textileri.se<br \/>Swish: 1234 87 97 89<br \/>Email eva@textileri.se<\/p>\t\t\t\t\t\t\t\t<\/div>\n\t\t\t\t<\/div>\n\t\t\t\t\t<\/div>\n\t\t<\/div>\n\t\t\t\t\t<\/div>\n\t\t<\/section>\n\t\t\t\t<section class=\"elementor-section elementor-top-section elementor-element elementor-element-087e5bd elementor-section-boxed elementor-section-height-default elementor-section-height-default\" data-id=\"087e5bd\" data-element_type=\"section\">\n\t\t\t\t\t\t<div class=\"elementor-container elementor-column-gap-default\">\n\t\t\t\t\t<div class=\"elementor-column elementor-col-100 elementor-top-column elementor-element elementor-element-9e752a7\" data-id=\"9e752a7\" data-element_type=\"column\">\n\t\t\t<div class=\"elementor-widget-wrap elementor-element-populated\">\n\t\t\t\t\t\t<div class=\"elementor-element elementor-element-b866385 elementor-widget-divider--view-line elementor-widget elementor-widget-divider\" data-id=\"b866385\" data-element_type=\"widget\" data-widget_type=\"divider.default\">\n\t\t\t\t<div class=\"elementor-widget-container\">\n\t\t\t\t\t\t\t<div class=\"elementor-divider\">\n\t\t\t<span class=\"elementor-divider-separator\">\n\t\t\t\t\t\t<\/span>\n\t\t<\/div>\n\t\t\t\t\t\t<\/div>\n\t\t\t\t<\/div>\n\t\t\t\t\t<\/div>\n\t\t<\/div>\n\t\t\t\t\t<\/div>\n\t\t<\/section>\n\t\t\t\t<section class=\"elementor-section elementor-top-section elementor-element elementor-element-6cf8275 elementor-section-full_width elementor-section-height-default elementor-section-height-default\" data-id=\"6cf8275\" data-element_type=\"section\">\n\t\t\t\t\t\t<div class=\"elementor-container elementor-column-gap-default\">\n\t\t\t\t\t<div class=\"elementor-column elementor-col-50 elementor-top-column elementor-element elementor-element-6e63f66\" data-id=\"6e63f66\" data-element_type=\"column\">\n\t\t\t<div class=\"elementor-widget-wrap elementor-element-populated\">\n\t\t\t\t\t\t<div class=\"elementor-element elementor-element-f57531e elementor-widget elementor-widget-image\" data-id=\"f57531e\" data-element_type=\"widget\" data-widget_type=\"image.default\">\n\t\t\t\t<div class=\"elementor-widget-container\">\n\t\t\t\t\t\t\t\t\t\t\t\t\t\t\t<img loading=\"lazy\" decoding=\"async\" width=\"1024\" height=\"768\" src=\"https:\/\/visitrydal.com\/wp-content\/uploads\/2024\/05\/Hamra-gard-garn-1024x768.jpg\" class=\"attachment-large size-large wp-image-6082\" alt=\"\" srcset=\"https:\/\/visitrydal.com\/wp-content\/uploads\/2024\/05\/Hamra-gard-garn-1024x768.jpg 1024w, https:\/\/visitrydal.com\/wp-content\/uploads\/2024\/05\/Hamra-gard-garn-300x225.jpg 300w, https:\/\/visitrydal.com\/wp-content\/uploads\/2024\/05\/Hamra-gard-garn-768x576.jpg 768w, https:\/\/visitrydal.com\/wp-content\/uploads\/2024\/05\/Hamra-gard-garn-1536x1152.jpg 1536w, https:\/\/visitrydal.com\/wp-content\/uploads\/2024\/05\/Hamra-gard-garn-2048x1536.jpg 2048w, https:\/\/visitrydal.com\/wp-content\/uploads\/2024\/05\/Hamra-gard-garn-16x12.jpg 16w, https:\/\/visitrydal.com\/wp-content\/uploads\/2024\/05\/Hamra-gard-garn-600x450.jpg 600w, https:\/\/visitrydal.com\/wp-content\/uploads\/2024\/05\/Hamra-gard-garn-200x150.jpg 200w, https:\/\/visitrydal.com\/wp-content\/uploads\/2024\/05\/Hamra-gard-garn-533x400.jpg 533w\" sizes=\"(max-width: 1024px) 100vw, 1024px\" \/>\t\t\t\t\t\t\t\t\t\t\t\t\t\t\t<\/div>\n\t\t\t\t<\/div>\n\t\t\t\t\t<\/div>\n\t\t<\/div>\n\t\t\t\t<div class=\"elementor-column elementor-col-50 elementor-top-column elementor-element elementor-element-a4771c7\" data-id=\"a4771c7\" data-element_type=\"column\">\n\t\t\t<div class=\"elementor-widget-wrap elementor-element-populated\">\n\t\t\t\t\t\t<div class=\"elementor-element elementor-element-c8efdf3 elementor-widget elementor-widget-heading\" data-id=\"c8efdf3\" data-element_type=\"widget\" data-widget_type=\"heading.default\">\n\t\t\t\t<div class=\"elementor-widget-container\">\n\t\t\t\t\t<h4 class=\"elementor-heading-title elementor-size-default\">Hamra G\u00e5rd<\/h4>\t\t\t\t<\/div>\n\t\t\t\t<\/div>\n\t\t\t\t<div class=\"elementor-element elementor-element-4a60ce4 elementor-widget elementor-widget-text-editor\" data-id=\"4a60ce4\" data-element_type=\"widget\" data-widget_type=\"text-editor.default\">\n\t\t\t\t<div class=\"elementor-widget-container\">\n\t\t\t\t\t\t\t\t\t<p>For the spinning and knitting party, we bring yarn from our own organic Ryaf\u00e5r at HamraG\u00e5rd in \u00c5sa. The yarns are suitable for knitting or crocheting, but also work as weaving yarns. We have white, black and brown yarns, but dye some ourselves at home on the farm for all the colors of the rainbow. All this and other products from the sheep are brought to the market. Hope to see you there!<\/p><p>Hamra G AB<br \/>Hamrag\u00e5rdsv\u00e4gen 19, 439 51 \u00c5sa<\/p><p>Camilla Sten: camilla@hamragard.se<br \/>www.hamragard.se<\/p><p>\u00a0<\/p>\t\t\t\t\t\t\t\t<\/div>\n\t\t\t\t<\/div>\n\t\t\t\t\t<\/div>\n\t\t<\/div>\n\t\t\t\t\t<\/div>\n\t\t<\/section>\n\t\t\t\t<section class=\"elementor-section elementor-top-section elementor-element elementor-element-cd2ee3c elementor-section-boxed elementor-section-height-default elementor-section-height-default\" data-id=\"cd2ee3c\" data-element_type=\"section\">\n\t\t\t\t\t\t<div class=\"elementor-container elementor-column-gap-default\">\n\t\t\t\t\t<div class=\"elementor-column elementor-col-100 elementor-top-column elementor-element elementor-element-0066e45\" data-id=\"0066e45\" data-element_type=\"column\">\n\t\t\t<div class=\"elementor-widget-wrap elementor-element-populated\">\n\t\t\t\t\t\t<div class=\"elementor-element elementor-element-f376847 elementor-widget elementor-widget-spacer\" data-id=\"f376847\" data-element_type=\"widget\" data-widget_type=\"spacer.default\">\n\t\t\t\t<div class=\"elementor-widget-container\">\n\t\t\t\t\t\t\t<div class=\"elementor-spacer\">\n\t\t\t<div class=\"elementor-spacer-inner\"><\/div>\n\t\t<\/div>\n\t\t\t\t\t\t<\/div>\n\t\t\t\t<\/div>\n\t\t\t\t\t<\/div>\n\t\t<\/div>\n\t\t\t\t\t<\/div>\n\t\t<\/section>\n\t\t\t\t<section class=\"elementor-section elementor-top-section elementor-element elementor-element-d458c8d elementor-section-boxed elementor-section-height-default elementor-section-height-default\" data-id=\"d458c8d\" data-element_type=\"section\">\n\t\t\t\t\t\t<div class=\"elementor-container elementor-column-gap-default\">\n\t\t\t\t\t<div class=\"elementor-column elementor-col-50 elementor-top-column elementor-element elementor-element-60cbc9d\" data-id=\"60cbc9d\" data-element_type=\"column\">\n\t\t\t<div class=\"elementor-widget-wrap elementor-element-populated\">\n\t\t\t\t\t\t<div class=\"elementor-element elementor-element-85278f8 elementor-widget elementor-widget-image\" data-id=\"85278f8\" data-element_type=\"widget\" data-widget_type=\"image.default\">\n\t\t\t\t<div class=\"elementor-widget-container\">\n\t\t\t\t\t\t\t\t\t\t\t\t\t\t\t<img loading=\"lazy\" decoding=\"async\" width=\"225\" height=\"225\" src=\"https:\/\/visitrydal.com\/wp-content\/uploads\/2024\/05\/Emelie.jpg\" class=\"attachment-large size-large wp-image-6203\" alt=\"\" srcset=\"https:\/\/visitrydal.com\/wp-content\/uploads\/2024\/05\/Emelie.jpg 225w, https:\/\/visitrydal.com\/wp-content\/uploads\/2024\/05\/Emelie-150x150.jpg 150w, https:\/\/visitrydal.com\/wp-content\/uploads\/2024\/05\/Emelie-12x12.jpg 12w, https:\/\/visitrydal.com\/wp-content\/uploads\/2024\/05\/Emelie-60x60.jpg 60w, https:\/\/visitrydal.com\/wp-content\/uploads\/2024\/05\/Emelie-40x40.jpg 40w, https:\/\/visitrydal.com\/wp-content\/uploads\/2024\/05\/Emelie-80x80.jpg 80w, https:\/\/visitrydal.com\/wp-content\/uploads\/2024\/05\/Emelie-20x20.jpg 20w, https:\/\/visitrydal.com\/wp-content\/uploads\/2024\/05\/Emelie-128x128.jpg 128w, https:\/\/visitrydal.com\/wp-content\/uploads\/2024\/05\/Emelie-73x73.jpg 73w, https:\/\/visitrydal.com\/wp-content\/uploads\/2024\/05\/Emelie-130x130.jpg 130w\" sizes=\"(max-width: 225px) 100vw, 225px\" \/>\t\t\t\t\t\t\t\t\t\t\t\t\t\t\t<\/div>\n\t\t\t\t<\/div>\n\t\t\t\t\t<\/div>\n\t\t<\/div>\n\t\t\t\t<div class=\"elementor-column elementor-col-50 elementor-top-column elementor-element elementor-element-25bc210\" data-id=\"25bc210\" data-element_type=\"column\">\n\t\t\t<div class=\"elementor-widget-wrap elementor-element-populated\">\n\t\t\t\t\t\t<div class=\"elementor-element elementor-element-5afa3e1 elementor-drop-cap-yes elementor-drop-cap-view-default elementor-widget elementor-widget-text-editor\" data-id=\"5afa3e1\" data-element_type=\"widget\" data-settings=\"{&quot;drop_cap&quot;:&quot;yes&quot;}\" data-widget_type=\"text-editor.default\">\n\t\t\t\t<div class=\"elementor-widget-container\">\n\t\t\t\t\t\t\t\t\t<p><strong><span style=\"color: #000000;\"><span style=\"font-family: Arial, sans-serif;\"><span style=\"font-size: small;\">\u00a0 \u00a0 \u00a0 \u00a0 \u00a0 \u00a0 \u00a0 \u00a0 \u00a0 \u00a0 \u00a0 \u00a0 \u00a0 \u00a0Emeli knit<\/span><\/span><\/span><\/strong><\/p><p><span style=\"color: #000000;\"><span style=\"font-family: Arial, sans-serif;\"><span style=\"font-size: small;\">Emelie Bj\u00f6rnkvist sells yarn under the brand Emelilyknits. The yarn comes from Peru, is dyed in Hajom and sold in Kinnastr\u00f6m in a brand new shop.<\/span><\/span><\/span><\/p><p><span style=\"color: #000000;\"><span style=\"font-family: Arial, sans-serif;\"><span style=\"font-size: small;\">Emelilyknit creates collections where the yarn is given context through a theme such as Amazing Space or Harvest. She has been knitting since she was a child.\u00a0 \u00a0 \u00a0 \u00a0 \u00a0 \u00a0 \u00a0 \u00a0 \u00a0 \u00a0 \u00a0 \u00a0 \u00a0 \u00a0 \u00a0 \u00a0 \u00a0 \u00a0 \u00a0 \u00a0 \u00a0 \u00a0 \u00a0 \u00a0 \u00a0 \u00a0 \u00a0 \u00a0 \u00a0 \u00a0 \u00a0 \u00a0 \u00a0 \u00a0 \u00a0 \u00a0 \u00a0 \u00a0 \u00a0 \u00a0 \u00a0 \u00a0 \u00a0 \u00a0 \u00a0 \u00a0 \u00a0 \u00a0 \u00a0 \u00a0 \u00a0 \u00a0 \u00a0 \u00a0 \u00a0 \u00a0 \u00a0 \u00a0 \u00a0 \u00a0 \u00a0 \u00a0 \u00a0 \u00a0 \u00a0 \u00a0 \u00a0 \u00a0 \u00a0 \u00a0 \u00a0 \u00a0 \u00a0 \u00a0 \u00a0 \u00a0 \u00a0 \u00a0 \u00a0 \u00a0 \u00a0 \u00a0 \u00a0 \u00a0 \u00a0 \u00a0 \u00a0 \u00a0 \u00a0 \u00a0 \u00a0 \u00a0 \u00a0 \u00a0 \u00a0 \u00a0 \u00a0 \u00a0 \u00a0 \u00a0 \u00a0 \u00a0 \u00a0 <\/span><\/span><\/span><span style=\"color: #000000;\"><span style=\"font-family: Arial, sans-serif;\"><span style=\"font-size: small;\">You are very welcome to visit Emelilyknit&#039;s yarn store in Kinnastr\u00f6m to buy Emelilyknit&#039;s own yarns, but also several other popular brands such as Camarose and Knitting for Olive. <\/span><\/span><\/span><span style=\"color: #000000;\"><span style=\"font-family: Arial, sans-serif;\"><span style=\"font-size: small;\">If you are looking for a knitting pattern I created, for example Lusse Lelle, you will find them on Ravelry. There you can search for the name of the pattern, Emelilyknits or Emelie Bj\u00f6rnkvist to find the right one. Alternatively, you can send an email to hej@emelilyknits.se and you can buy patterns from me directly in PDF.<\/span><\/span><\/span><\/p><p align=\"CENTER\"><a name=\"m_6498939911102042486plusReplyChip-011\"><\/a> <span style=\"color: #000000;\"> <span style=\"font-family: Arial, sans-serif;\"><span style=\"font-size: small;\">Instagram: @emeliliknits. <a href=\"https:\/\/www.emelilyknits.se\/\">https:\/\/www.emelilyknits.se\/<\/a><\/span><\/span><\/span><\/p><p align=\"CENTER\"><span style=\"color: #000000;\"><span style=\"font-family: Arial, sans-serif;\"><span style=\"font-size: small;\">She has an email address:\u00a0<a href=\"mailto:hej@emelilyknits.se\" target=\"_blank\" rel=\"noopener\">hej@emelilyknits.se<\/a>\u00a0 \u00a0 \u00a0 \u00a0 \u00a0 \u00a0 \u00a0 \u00a0<\/span><\/span><\/span><\/p>\t\t\t\t\t\t\t\t<\/div>\n\t\t\t\t<\/div>\n\t\t\t\t\t<\/div>\n\t\t<\/div>\n\t\t\t\t\t<\/div>\n\t\t<\/section>\n\t\t\t\t<\/div>","protected":false},"excerpt":{"rendered":"<p>F\u00f6rs\u00e4ljare som s\u00e4ljer garn, b\u00f6cker och annat 12-13 oktober\u00d6ppettider 10-17.00 Festen \u00d6ppnar. Marknadsplats med f\u00f6rs\u00e4ljare \u00f6ppnar. Det kommer finnas m\u00f6jlighet att k\u00f6pa garn, b\u00f6cker och annat som har med stick och spinn att g\u00f6ra.Vilka som kommer vara f\u00f6rs\u00e4ljare av garn, b\u00f6cker och annat\u00a0 kommer vi att publicera efterhand som anm\u00e4lningar \u00e4r klara! Ankis design, garn- [&hellip;]<\/p>\n","protected":false},"author":1,"featured_media":5796,"comment_status":"closed","ping_status":"open","sticky":false,"template":"","format":"standard","meta":{"footnotes":""},"categories":[63],"tags":[],"class_list":["post-5343","post","type-post","status-publish","format-standard","has-post-thumbnail","hentry","category-aktiviteter-2024","blog-post"],"yoast_head":"<!-- This site is optimized with the Yoast SEO plugin v27.5 - https:\/\/yoast.com\/product\/yoast-seo-wordpress\/ -->\n<title>F\u00f6rs\u00e4ljning - Stick och spinnfest 2024 - Visit Rydal<\/title>\n<meta name=\"robots\" content=\"index, follow, max-snippet:-1, max-image-preview:large, max-video-preview:-1\" \/>\n<link rel=\"canonical\" href=\"https:\/\/visitrydal.com\/en\/forsaljning-stick-och-spinnfest-2024\/\" \/>\n<meta property=\"og:locale\" content=\"en_GB\" \/>\n<meta property=\"og:type\" content=\"article\" \/>\n<meta property=\"og:title\" content=\"F\u00f6rs\u00e4ljning - Stick och spinnfest 2024 - Visit Rydal\" \/>\n<meta property=\"og:description\" content=\"F\u00f6rs\u00e4ljare som s\u00e4ljer garn, b\u00f6cker och annat 12-13 oktober\u00d6ppettider 10-17.00 Festen \u00d6ppnar. Marknadsplats med f\u00f6rs\u00e4ljare \u00f6ppnar. Det kommer finnas m\u00f6jlighet att k\u00f6pa garn, b\u00f6cker och annat som har med stick och spinn att g\u00f6ra.Vilka som kommer vara f\u00f6rs\u00e4ljare av garn, b\u00f6cker och annat\u00a0 kommer vi att publicera efterhand som anm\u00e4lningar \u00e4r klara! Ankis design, garn- [&hellip;]\" \/>\n<meta property=\"og:url\" content=\"https:\/\/visitrydal.com\/en\/forsaljning-stick-och-spinnfest-2024\/\" \/>\n<meta property=\"og:site_name\" content=\"Visit Rydal\" \/>\n<meta property=\"article:published_time\" content=\"2024-05-19T19:29:41+00:00\" \/>\n<meta property=\"article:modified_time\" content=\"2025-04-21T06:45:10+00:00\" \/>\n<meta property=\"og:image\" content=\"https:\/\/visitrydal.com\/wp-content\/uploads\/2024\/05\/Rydalmuseum-med-logo-i-horna-new-2-850x400-1-scaled.jpg\" \/>\n\t<meta property=\"og:image:width\" content=\"2560\" \/>\n\t<meta property=\"og:image:height\" content=\"1355\" \/>\n\t<meta property=\"og:image:type\" content=\"image\/jpeg\" \/>\n<meta name=\"author\" content=\"admin\" \/>\n<meta name=\"twitter:card\" content=\"summary_large_image\" \/>\n<meta name=\"twitter:label1\" content=\"Written by\" \/>\n\t<meta name=\"twitter:data1\" content=\"admin\" \/>\n\t<meta name=\"twitter:label2\" content=\"Estimated reading time\" \/>\n\t<meta name=\"twitter:data2\" content=\"10 minutes\" \/>\n<script type=\"application\/ld+json\" class=\"yoast-schema-graph\">{\"@context\":\"https:\\\/\\\/schema.org\",\"@graph\":[{\"@type\":\"Article\",\"@id\":\"https:\\\/\\\/visitrydal.com\\\/forsaljning-stick-och-spinnfest-2024\\\/#article\",\"isPartOf\":{\"@id\":\"https:\\\/\\\/visitrydal.com\\\/forsaljning-stick-och-spinnfest-2024\\\/\"},\"author\":{\"name\":\"admin\",\"@id\":\"https:\\\/\\\/visitrydal.com\\\/#\\\/schema\\\/person\\\/3477be07bcb3acdfb7bfdcb913bea6b4\"},\"headline\":\"F\u00f6rs\u00e4ljning &#8211; Stick och spinnfest 2024\",\"datePublished\":\"2024-05-19T19:29:41+00:00\",\"dateModified\":\"2025-04-21T06:45:10+00:00\",\"mainEntityOfPage\":{\"@id\":\"https:\\\/\\\/visitrydal.com\\\/forsaljning-stick-och-spinnfest-2024\\\/\"},\"wordCount\":1530,\"publisher\":{\"@id\":\"https:\\\/\\\/visitrydal.com\\\/#organization\"},\"image\":{\"@id\":\"https:\\\/\\\/visitrydal.com\\\/forsaljning-stick-och-spinnfest-2024\\\/#primaryimage\"},\"thumbnailUrl\":\"https:\\\/\\\/visitrydal.com\\\/wp-content\\\/uploads\\\/2024\\\/05\\\/Rydalmuseum-med-logo-i-horna-new-2-850x400-1-scaled.jpg\",\"articleSection\":[\"Aktiviteter-2024\"],\"inLanguage\":\"en-GB\"},{\"@type\":\"WebPage\",\"@id\":\"https:\\\/\\\/visitrydal.com\\\/forsaljning-stick-och-spinnfest-2024\\\/\",\"url\":\"https:\\\/\\\/visitrydal.com\\\/forsaljning-stick-och-spinnfest-2024\\\/\",\"name\":\"F\u00f6rs\u00e4ljning - Stick och spinnfest 2024 - Visit Rydal\",\"isPartOf\":{\"@id\":\"https:\\\/\\\/visitrydal.com\\\/#website\"},\"primaryImageOfPage\":{\"@id\":\"https:\\\/\\\/visitrydal.com\\\/forsaljning-stick-och-spinnfest-2024\\\/#primaryimage\"},\"image\":{\"@id\":\"https:\\\/\\\/visitrydal.com\\\/forsaljning-stick-och-spinnfest-2024\\\/#primaryimage\"},\"thumbnailUrl\":\"https:\\\/\\\/visitrydal.com\\\/wp-content\\\/uploads\\\/2024\\\/05\\\/Rydalmuseum-med-logo-i-horna-new-2-850x400-1-scaled.jpg\",\"datePublished\":\"2024-05-19T19:29:41+00:00\",\"dateModified\":\"2025-04-21T06:45:10+00:00\",\"breadcrumb\":{\"@id\":\"https:\\\/\\\/visitrydal.com\\\/forsaljning-stick-och-spinnfest-2024\\\/#breadcrumb\"},\"inLanguage\":\"en-GB\",\"potentialAction\":[{\"@type\":\"ReadAction\",\"target\":[\"https:\\\/\\\/visitrydal.com\\\/forsaljning-stick-och-spinnfest-2024\\\/\"]}]},{\"@type\":\"ImageObject\",\"inLanguage\":\"en-GB\",\"@id\":\"https:\\\/\\\/visitrydal.com\\\/forsaljning-stick-och-spinnfest-2024\\\/#primaryimage\",\"url\":\"https:\\\/\\\/visitrydal.com\\\/wp-content\\\/uploads\\\/2024\\\/05\\\/Rydalmuseum-med-logo-i-horna-new-2-850x400-1-scaled.jpg\",\"contentUrl\":\"https:\\\/\\\/visitrydal.com\\\/wp-content\\\/uploads\\\/2024\\\/05\\\/Rydalmuseum-med-logo-i-horna-new-2-850x400-1-scaled.jpg\",\"width\":2560,\"height\":1355},{\"@type\":\"BreadcrumbList\",\"@id\":\"https:\\\/\\\/visitrydal.com\\\/forsaljning-stick-och-spinnfest-2024\\\/#breadcrumb\",\"itemListElement\":[{\"@type\":\"ListItem\",\"position\":1,\"name\":\"Home\",\"item\":\"https:\\\/\\\/visitrydal.com\\\/\"},{\"@type\":\"ListItem\",\"position\":2,\"name\":\"F\u00f6rs\u00e4ljning &#8211; Stick och spinnfest 2024\"}]},{\"@type\":\"WebSite\",\"@id\":\"https:\\\/\\\/visitrydal.com\\\/#website\",\"url\":\"https:\\\/\\\/visitrydal.com\\\/\",\"name\":\"Visit Rydal\",\"description\":\"\",\"publisher\":{\"@id\":\"https:\\\/\\\/visitrydal.com\\\/#organization\"},\"potentialAction\":[{\"@type\":\"SearchAction\",\"target\":{\"@type\":\"EntryPoint\",\"urlTemplate\":\"https:\\\/\\\/visitrydal.com\\\/?s={search_term_string}\"},\"query-input\":{\"@type\":\"PropertyValueSpecification\",\"valueRequired\":true,\"valueName\":\"search_term_string\"}}],\"inLanguage\":\"en-GB\"},{\"@type\":\"Organization\",\"@id\":\"https:\\\/\\\/visitrydal.com\\\/#organization\",\"name\":\"Visit Rydal\",\"url\":\"https:\\\/\\\/visitrydal.com\\\/\",\"logo\":{\"@type\":\"ImageObject\",\"inLanguage\":\"en-GB\",\"@id\":\"https:\\\/\\\/visitrydal.com\\\/#\\\/schema\\\/logo\\\/image\\\/\",\"url\":\"https:\\\/\\\/visitrydal.com\\\/wp-content\\\/uploads\\\/2023\\\/06\\\/cropped-siteicon.png\",\"contentUrl\":\"https:\\\/\\\/visitrydal.com\\\/wp-content\\\/uploads\\\/2023\\\/06\\\/cropped-siteicon.png\",\"width\":512,\"height\":512,\"caption\":\"Visit Rydal\"},\"image\":{\"@id\":\"https:\\\/\\\/visitrydal.com\\\/#\\\/schema\\\/logo\\\/image\\\/\"}},{\"@type\":\"Person\",\"@id\":\"https:\\\/\\\/visitrydal.com\\\/#\\\/schema\\\/person\\\/3477be07bcb3acdfb7bfdcb913bea6b4\",\"name\":\"admin\",\"image\":{\"@type\":\"ImageObject\",\"inLanguage\":\"en-GB\",\"@id\":\"https:\\\/\\\/secure.gravatar.com\\\/avatar\\\/72127c8c45f68ca8ffbf4b86a62fec141db679ae75377bc79037987d9bc0ef40?s=96&d=mm&r=g\",\"url\":\"https:\\\/\\\/secure.gravatar.com\\\/avatar\\\/72127c8c45f68ca8ffbf4b86a62fec141db679ae75377bc79037987d9bc0ef40?s=96&d=mm&r=g\",\"contentUrl\":\"https:\\\/\\\/secure.gravatar.com\\\/avatar\\\/72127c8c45f68ca8ffbf4b86a62fec141db679ae75377bc79037987d9bc0ef40?s=96&d=mm&r=g\",\"caption\":\"admin\"},\"sameAs\":[\"https:\\\/\\\/visitrydal.com\"],\"url\":\"https:\\\/\\\/visitrydal.com\\\/en\\\/author\\\/admin\\\/\"}]}<\/script>\n<!-- \/ Yoast SEO plugin. -->","yoast_head_json":{"title":"F\u00f6rs\u00e4ljning - Stick och spinnfest 2024 - Visit Rydal","robots":{"index":"index","follow":"follow","max-snippet":"max-snippet:-1","max-image-preview":"max-image-preview:large","max-video-preview":"max-video-preview:-1"},"canonical":"https:\/\/visitrydal.com\/en\/forsaljning-stick-och-spinnfest-2024\/","og_locale":"en_GB","og_type":"article","og_title":"F\u00f6rs\u00e4ljning - Stick och spinnfest 2024 - Visit Rydal","og_description":"F\u00f6rs\u00e4ljare som s\u00e4ljer garn, b\u00f6cker och annat 12-13 oktober\u00d6ppettider 10-17.00 Festen \u00d6ppnar. Marknadsplats med f\u00f6rs\u00e4ljare \u00f6ppnar. Det kommer finnas m\u00f6jlighet att k\u00f6pa garn, b\u00f6cker och annat som har med stick och spinn att g\u00f6ra.Vilka som kommer vara f\u00f6rs\u00e4ljare av garn, b\u00f6cker och annat\u00a0 kommer vi att publicera efterhand som anm\u00e4lningar \u00e4r klara! Ankis design, garn- [&hellip;]","og_url":"https:\/\/visitrydal.com\/en\/forsaljning-stick-och-spinnfest-2024\/","og_site_name":"Visit Rydal","article_published_time":"2024-05-19T19:29:41+00:00","article_modified_time":"2025-04-21T06:45:10+00:00","og_image":[{"width":2560,"height":1355,"url":"https:\/\/visitrydal.com\/wp-content\/uploads\/2024\/05\/Rydalmuseum-med-logo-i-horna-new-2-850x400-1-scaled.jpg","type":"image\/jpeg"}],"author":"admin","twitter_card":"summary_large_image","twitter_misc":{"Written by":"admin","Estimated reading time":"10 minutes"},"schema":{"@context":"https:\/\/schema.org","@graph":[{"@type":"Article","@id":"https:\/\/visitrydal.com\/forsaljning-stick-och-spinnfest-2024\/#article","isPartOf":{"@id":"https:\/\/visitrydal.com\/forsaljning-stick-och-spinnfest-2024\/"},"author":{"name":"admin","@id":"https:\/\/visitrydal.com\/#\/schema\/person\/3477be07bcb3acdfb7bfdcb913bea6b4"},"headline":"F\u00f6rs\u00e4ljning &#8211; Stick och spinnfest 2024","datePublished":"2024-05-19T19:29:41+00:00","dateModified":"2025-04-21T06:45:10+00:00","mainEntityOfPage":{"@id":"https:\/\/visitrydal.com\/forsaljning-stick-och-spinnfest-2024\/"},"wordCount":1530,"publisher":{"@id":"https:\/\/visitrydal.com\/#organization"},"image":{"@id":"https:\/\/visitrydal.com\/forsaljning-stick-och-spinnfest-2024\/#primaryimage"},"thumbnailUrl":"https:\/\/visitrydal.com\/wp-content\/uploads\/2024\/05\/Rydalmuseum-med-logo-i-horna-new-2-850x400-1-scaled.jpg","articleSection":["Aktiviteter-2024"],"inLanguage":"en-GB"},{"@type":"WebPage","@id":"https:\/\/visitrydal.com\/forsaljning-stick-och-spinnfest-2024\/","url":"https:\/\/visitrydal.com\/forsaljning-stick-och-spinnfest-2024\/","name":"F\u00f6rs\u00e4ljning - Stick och spinnfest 2024 - Visit Rydal","isPartOf":{"@id":"https:\/\/visitrydal.com\/#website"},"primaryImageOfPage":{"@id":"https:\/\/visitrydal.com\/forsaljning-stick-och-spinnfest-2024\/#primaryimage"},"image":{"@id":"https:\/\/visitrydal.com\/forsaljning-stick-och-spinnfest-2024\/#primaryimage"},"thumbnailUrl":"https:\/\/visitrydal.com\/wp-content\/uploads\/2024\/05\/Rydalmuseum-med-logo-i-horna-new-2-850x400-1-scaled.jpg","datePublished":"2024-05-19T19:29:41+00:00","dateModified":"2025-04-21T06:45:10+00:00","breadcrumb":{"@id":"https:\/\/visitrydal.com\/forsaljning-stick-och-spinnfest-2024\/#breadcrumb"},"inLanguage":"en-GB","potentialAction":[{"@type":"ReadAction","target":["https:\/\/visitrydal.com\/forsaljning-stick-och-spinnfest-2024\/"]}]},{"@type":"ImageObject","inLanguage":"en-GB","@id":"https:\/\/visitrydal.com\/forsaljning-stick-och-spinnfest-2024\/#primaryimage","url":"https:\/\/visitrydal.com\/wp-content\/uploads\/2024\/05\/Rydalmuseum-med-logo-i-horna-new-2-850x400-1-scaled.jpg","contentUrl":"https:\/\/visitrydal.com\/wp-content\/uploads\/2024\/05\/Rydalmuseum-med-logo-i-horna-new-2-850x400-1-scaled.jpg","width":2560,"height":1355},{"@type":"BreadcrumbList","@id":"https:\/\/visitrydal.com\/forsaljning-stick-och-spinnfest-2024\/#breadcrumb","itemListElement":[{"@type":"ListItem","position":1,"name":"Home","item":"https:\/\/visitrydal.com\/"},{"@type":"ListItem","position":2,"name":"F\u00f6rs\u00e4ljning &#8211; Stick och spinnfest 2024"}]},{"@type":"WebSite","@id":"https:\/\/visitrydal.com\/#website","url":"https:\/\/visitrydal.com\/","name":"Visit Rydal","description":"","publisher":{"@id":"https:\/\/visitrydal.com\/#organization"},"potentialAction":[{"@type":"SearchAction","target":{"@type":"EntryPoint","urlTemplate":"https:\/\/visitrydal.com\/?s={search_term_string}"},"query-input":{"@type":"PropertyValueSpecification","valueRequired":true,"valueName":"search_term_string"}}],"inLanguage":"en-GB"},{"@type":"Organization","@id":"https:\/\/visitrydal.com\/#organization","name":"Visit Rydal","url":"https:\/\/visitrydal.com\/","logo":{"@type":"ImageObject","inLanguage":"en-GB","@id":"https:\/\/visitrydal.com\/#\/schema\/logo\/image\/","url":"https:\/\/visitrydal.com\/wp-content\/uploads\/2023\/06\/cropped-siteicon.png","contentUrl":"https:\/\/visitrydal.com\/wp-content\/uploads\/2023\/06\/cropped-siteicon.png","width":512,"height":512,"caption":"Visit Rydal"},"image":{"@id":"https:\/\/visitrydal.com\/#\/schema\/logo\/image\/"}},{"@type":"Person","@id":"https:\/\/visitrydal.com\/#\/schema\/person\/3477be07bcb3acdfb7bfdcb913bea6b4","name":"admin","image":{"@type":"ImageObject","inLanguage":"en-GB","@id":"https:\/\/secure.gravatar.com\/avatar\/72127c8c45f68ca8ffbf4b86a62fec141db679ae75377bc79037987d9bc0ef40?s=96&d=mm&r=g","url":"https:\/\/secure.gravatar.com\/avatar\/72127c8c45f68ca8ffbf4b86a62fec141db679ae75377bc79037987d9bc0ef40?s=96&d=mm&r=g","contentUrl":"https:\/\/secure.gravatar.com\/avatar\/72127c8c45f68ca8ffbf4b86a62fec141db679ae75377bc79037987d9bc0ef40?s=96&d=mm&r=g","caption":"admin"},"sameAs":["https:\/\/visitrydal.com"],"url":"https:\/\/visitrydal.com\/en\/author\/admin\/"}]}},"_links":{"self":[{"href":"https:\/\/visitrydal.com\/en\/wp-json\/wp\/v2\/posts\/5343","targetHints":{"allow":["GET"]}}],"collection":[{"href":"https:\/\/visitrydal.com\/en\/wp-json\/wp\/v2\/posts"}],"about":[{"href":"https:\/\/visitrydal.com\/en\/wp-json\/wp\/v2\/types\/post"}],"author":[{"embeddable":true,"href":"https:\/\/visitrydal.com\/en\/wp-json\/wp\/v2\/users\/1"}],"replies":[{"embeddable":true,"href":"https:\/\/visitrydal.com\/en\/wp-json\/wp\/v2\/comments?post=5343"}],"version-history":[{"count":77,"href":"https:\/\/visitrydal.com\/en\/wp-json\/wp\/v2\/posts\/5343\/revisions"}],"predecessor-version":[{"id":7596,"href":"https:\/\/visitrydal.com\/en\/wp-json\/wp\/v2\/posts\/5343\/revisions\/7596"}],"wp:featuredmedia":[{"embeddable":true,"href":"https:\/\/visitrydal.com\/en\/wp-json\/wp\/v2\/media\/5796"}],"wp:attachment":[{"href":"https:\/\/visitrydal.com\/en\/wp-json\/wp\/v2\/media?parent=5343"}],"wp:term":[{"taxonomy":"category","embeddable":true,"href":"https:\/\/visitrydal.com\/en\/wp-json\/wp\/v2\/categories?post=5343"},{"taxonomy":"post_tag","embeddable":true,"href":"https:\/\/visitrydal.com\/en\/wp-json\/wp\/v2\/tags?post=5343"}],"curies":[{"name":"wp","href":"https:\/\/api.w.org\/{rel}","templated":true}]}}